{"headers": {"id": "ID", "data_inicio": "Abertura", "hora_inicio": "Hor\u00e1rio (hh:mm)", "data_fim": "Encerramento", "hora_fim": "Hor\u00e1rio (hh:mm)", "": "T\u00edtulo"}, "results": [{"id": "708", "data_inicio": "2026-04-22", "hora_inicio": "09:22", "data_fim": "2026-04-22", "hora_fim": "10:39", "": "7\u00aa Ordin\u00e1ria da 2\u00aa Sess\u00e3o Legislativa da 9\u00aa Legislatura"}, {"id": "707", "data_inicio": "2026-04-06", "hora_inicio": "09:42", "data_fim": "2026-04-06", "hora_fim": "11:21", "": "6\u00aa Ordin\u00e1ria da 2\u00aa Sess\u00e3o Legislativa da 9\u00aa Legislatura"}, {"id": "706", "data_inicio": "2026-03-27", "hora_inicio": "10:24", "data_fim": "", "hora_fim": "10:38", "": "4\u00aa Extraordin\u00e1ria da 2\u00aa Sess\u00e3o Legislativa da 9\u00aa Legislatura"}, {"id": "705", "data_inicio": "2026-03-16", "hora_inicio": "19:41", "data_fim": "2026-03-16", "hora_fim": "20:14", "": "3\u00aa Extraordin\u00e1ria da 2\u00aa Sess\u00e3o Legislativa da 9\u00aa Legislatura"}, {"id": "704", "data_inicio": "2026-03-16", "hora_inicio": "10:24", "data_fim": "2026-03-16", "hora_fim": "12:22", "": "5\u00aa Ordin\u00e1ria da 2\u00aa Sess\u00e3o Legislativa da 9\u00aa Legislatura"}, {"id": "703", "data_inicio": "2026-03-02", "hora_inicio": "09:31", "data_fim": "2026-03-02", "hora_fim": "11:26", "": "4\u00aa Ordin\u00e1ria da 2\u00aa Sess\u00e3o Legislativa da 9\u00aa Legislatura"}, {"id": "701", "data_inicio": "2026-02-19", "hora_inicio": "11:20", "data_fim": "2026-02-19", "hora_fim": "12:56", "": "3\u00aa Ordin\u00e1ria da 2\u00aa Sess\u00e3o Legislativa da 9\u00aa Legislatura"}, {"id": "702", "data_inicio": "2026-02-09", "hora_inicio": "09:12", "data_fim": "2026-02-09", "hora_fim": "09:40", "": "2\u00aa Extraordin\u00e1ria da 2\u00aa Sess\u00e3o Legislativa da 9\u00aa Legislatura"}, {"id": "700", "data_inicio": "2026-02-02", "hora_inicio": "09:40", "data_fim": "2026-02-02", "hora_fim": "11:59", "": "2\u00aa Ordin\u00e1ria da 2\u00aa Sess\u00e3o Legislativa da 9\u00aa Legislatura"}, {"id": "699", "data_inicio": "2026-01-19", "hora_inicio": "09:32", "data_fim": "2026-01-19", "hora_fim": "11:29", "": "1\u00aa Ordin\u00e1ria da 2\u00aa Sess\u00e3o Legislativa da 9\u00aa Legislatura"}, {"id": "698", "data_inicio": "2026-01-13", "hora_inicio": "10:43", "data_fim": "2026-01-13", "hora_fim": "11:05", "": "1\u00aa Extraordin\u00e1ria da 2\u00aa Sess\u00e3o Legislativa da 9\u00aa Legislatura"}, {"id": "697", "data_inicio": "2026-01-01", "hora_inicio": "00:00", "data_fim": "2026-01-01", "hora_fim": "", "": "1\u00aa Solene da 2\u00aa Sess\u00e3o Legislativa da 9\u00aa Legislatura"}]}