{"headers": {"id": "ID", "ano": "Ano", "numero": "N\u00famero", "tipo__sigla": "Tipo de Mat\u00e9ria Legislativa/Sigla", "tipo__descricao": "Tipo de Mat\u00e9ria Legislativa/Descri\u00e7\u00e3o", "autoria": "Autorias", "texto_original": "Texto Original", "ementa": "Ementa"}, "results": [{"id": "3665", "ano": "2023", "numero": "1", "tipo__sigla": "IND", "tipo__descricao": "Indica\u00e7\u00e3o", "autoria": "ANTONIO LUIZ", "texto_original": "http://sapl.limeiradooeste.mg.leg.br/media/sapl/public/materialegislativa/2023/3665/01-2023.pdf", "ementa": "Solicitar ao Senhor Prefeito que determine a coloca\u00e7\u00e3o de um lavat\u00f3rio para m\u00e3os e bebedouro no Bosque Municipal Dr. Nelson Coelho Ara\u00fajo."}, {"id": "3666", "ano": "2023", "numero": "2", "tipo__sigla": "IND", "tipo__descricao": "Indica\u00e7\u00e3o", "autoria": "DUNGA", "texto_original": "http://sapl.limeiradooeste.mg.leg.br/media/sapl/public/materialegislativa/2023/3666/02-2023.pdf", "ementa": "Solicitar ao Senhor Prefeito que determine provid\u00eancias para que seja feito o asfalto no prolongamento da Avenida da Saudade, sentido COHAB."}, {"id": "3695", "ano": "2023", "numero": "3", "tipo__sigla": "IND", "tipo__descricao": "Indica\u00e7\u00e3o", "autoria": "EBERTON SUINO", "texto_original": "http://sapl.limeiradooeste.mg.leg.br/media/sapl/public/materialegislativa/2023/3695/03-2023.pdf", "ementa": "Senhor Prefeito, determine o reparo do asfalto no cruzamento da Avenida Faustina Ant\u00f4nia e Rua Juvenal Carneiro de Queiroz."}, {"id": "3696", "ano": "2023", "numero": "4", "tipo__sigla": "IND", "tipo__descricao": "Indica\u00e7\u00e3o", "autoria": "ANTONIO LUIZ", "texto_original": "http://sapl.limeiradooeste.mg.leg.br/media/sapl/public/materialegislativa/2023/3696/04-2023.pdf", "ementa": "Senhor Prefeito, determine a abertura de uma porta com acessibilidade ao campo de malha localizado no Est\u00e1dio Municipal Luiz Carlos Ferrari."}, {"id": "3743", "ano": "2023", "numero": "5", "tipo__sigla": "IND", "tipo__descricao": "Indica\u00e7\u00e3o", "autoria": "DUNGA", "texto_original": "http://sapl.limeiradooeste.mg.leg.br/media/sapl/public/materialegislativa/2023/3743/05-2023-opt.pdf", "ementa": "Determine a constru\u00e7\u00e3o cobertura para ser utilizada como garagem pelos ve\u00edculos da Secretaria Municipal de Educa\u00e7\u00e3o."}, {"id": "3744", "ano": "2023", "numero": "6", "tipo__sigla": "IND", "tipo__descricao": "Indica\u00e7\u00e3o", "autoria": "JUNINHO DA FARMACIA, TIA LAINY", "texto_original": "http://sapl.limeiradooeste.mg.leg.br/media/sapl/public/materialegislativa/2023/3744/06-2023-opt.pdf", "ementa": "Determine o cal\u00e7amento do p\u00e1tio do CRAS."}, {"id": "3756", "ano": "2023", "numero": "7", "tipo__sigla": "IND", "tipo__descricao": "Indica\u00e7\u00e3o", "autoria": "JUNINHO DA FARMACIA", "texto_original": "http://sapl.limeiradooeste.mg.leg.br/media/sapl/public/materialegislativa/2023/3756/07-2023-opt.pdf", "ementa": "Determine a constru\u00e7\u00e3o de um placar no Est\u00e1dio Municipal Luiz Carlos Ferrari."}, {"id": "3764", "ano": "2023", "numero": "8", "tipo__sigla": "IND", "tipo__descricao": "Indica\u00e7\u00e3o", "autoria": "TIA LAINY", "texto_original": "http://sapl.limeiradooeste.mg.leg.br/media/sapl/public/materialegislativa/2023/3764/08-2023-c.pdf", "ementa": "Determine a recupera\u00e7\u00e3o das estradas da Fazenda Para\u00edso e do P.A. Reserva, especialmente pr\u00f3ximo a Comunidade II."}, {"id": "3765", "ano": "2023", "numero": "9", "tipo__sigla": "IND", "tipo__descricao": "Indica\u00e7\u00e3o", "autoria": "TIA LAINY", "texto_original": "http://sapl.limeiradooeste.mg.leg.br/media/sapl/public/materialegislativa/2023/3765/09-2023.pdf", "ementa": "Determine a melhoria da ilumina\u00e7\u00e3o do Centro P\u00fablico de Conviv\u00eancia \"Vic\u00eancia Lorena da Fonseca\"."}, {"id": "3766", "ano": "2023", "numero": "10", "tipo__sigla": "IND", "tipo__descricao": "Indica\u00e7\u00e3o", "autoria": "ANTONIO LUIZ", "texto_original": "http://sapl.limeiradooeste.mg.leg.br/media/sapl/public/materialegislativa/2023/3766/10-2023.pdf", "ementa": "Determine o cercamento da quadra de areia localizada na Pra\u00e7a Amador Jos\u00e9 de Queiroz."}, {"id": "3806", "ano": "2023", "numero": "11", "tipo__sigla": "IND", "tipo__descricao": "Indica\u00e7\u00e3o", "autoria": "EBERTON SUINO", "texto_original": "http://sapl.limeiradooeste.mg.leg.br/media/sapl/public/materialegislativa/2023/3806/11-2023-eberton-campinho-independencia.pdf", "ementa": "Determine a limpeza e recoloca\u00e7\u00e3o da areia do campinho de futebol, na Avenida Joaquim Tomaz de Freitas, Bairro Independ\u00eancia."}, {"id": "3822", "ano": "2023", "numero": "12", "tipo__sigla": "IND", "tipo__descricao": "Indica\u00e7\u00e3o", "autoria": "JUNINHO DA FARMACIA", "texto_original": "http://sapl.limeiradooeste.mg.leg.br/media/sapl/public/materialegislativa/2023/3822/12-2023-antonioana.pdf", "ementa": "Que seja solicitado ao Senhor Prefeito Municipal a pintura dos muros das Escolas Municipais Ant\u00f4nio Vicente Fonseca e CEI Ana Galicioli do Nascimento,  reiterando o conte\u00fado da Indica\u00e7\u00e3o n\u00ba 010/2022 (anexa)."}, {"id": "3863", "ano": "2023", "numero": "13", "tipo__sigla": "IND", "tipo__descricao": "Indica\u00e7\u00e3o", "autoria": "ANTONIO LUIZ", "texto_original": "http://sapl.limeiradooeste.mg.leg.br/media/sapl/public/materialegislativa/2023/3863/13-2023.pdf", "ementa": "determine a coloca\u00e7\u00e3o de lombada nos seguintes locais: Avenida Crisolto Alves entre as Ruas Wilson Zanutto e Joaquim Correia da Silva e na Avenida Sergipe entre as Ruas Rond\u00f4nia e Rio de Janeiro."}, {"id": "3864", "ano": "2023", "numero": "14", "tipo__sigla": "IND", "tipo__descricao": "Indica\u00e7\u00e3o", "autoria": "JUNINHO DA FARMACIA", "texto_original": "http://sapl.limeiradooeste.mg.leg.br/media/sapl/public/materialegislativa/2023/3864/14-2023-anexos_opt.pdf", "ementa": "determine a manuten\u00e7\u00e3o do banheiro da Comunidade do Banco da Terra Para\u00edso."}, {"id": "3883", "ano": "2023", "numero": "15", "tipo__sigla": "IND", "tipo__descricao": "Indica\u00e7\u00e3o", "autoria": "JUNINHO DA FARMACIA, WILLIAM BOZZA", "texto_original": "http://sapl.limeiradooeste.mg.leg.br/media/sapl/public/materialegislativa/2023/3883/15-2023-fotos_opt.pdf", "ementa": "Determine o reparo dos buracos na Av. 12 de setembro e Rua Jos\u00e9 Altino Gomes (localiza\u00e7\u00e3o anexa)."}, {"id": "3884", "ano": "2023", "numero": "16", "tipo__sigla": "IND", "tipo__descricao": "Indica\u00e7\u00e3o", "autoria": "TIA LAINY", "texto_original": "http://sapl.limeiradooeste.mg.leg.br/media/sapl/public/materialegislativa/2023/3884/16-2023.pdf", "ementa": "Determine a recupera\u00e7\u00e3o da estrada nas proximidades da Comunidade da Lojinha, na propriedade do Senhor Lavezo."}, {"id": "3885", "ano": "2023", "numero": "17", "tipo__sigla": "IND", "tipo__descricao": "Indica\u00e7\u00e3o", "autoria": "TIA LAINY", "texto_original": "http://sapl.limeiradooeste.mg.leg.br/media/sapl/public/materialegislativa/2023/3885/17-2023.pdf", "ementa": "determine a coloca\u00e7\u00e3o de placas que orientem para n\u00e3o jogar lixo, bem como que seja feita a limpeza do lixo e entulho depositado de forma inadequada, nas Ruas Panam\u00e1 (Bairro Joam\u00e1rio) e Hon\u00f3rio Silveira Lacerda (Bairro Novo Horizonte)."}, {"id": "3886", "ano": "2023", "numero": "18", "tipo__sigla": "IND", "tipo__descricao": "Indica\u00e7\u00e3o", "autoria": "JUNINHO DA FARMACIA", "texto_original": "http://sapl.limeiradooeste.mg.leg.br/media/sapl/public/materialegislativa/2023/3886/18-2023.pdf", "ementa": "a aquisi\u00e7\u00e3o de um bebedouro com \u00e1gua gelada na Cobertura Al\u00edpio Soares Barbosa, popularmente conhecida como \u201cbarrac\u00e3o da feira\u201d."}, {"id": "3887", "ano": "2023", "numero": "19", "tipo__sigla": "IND", "tipo__descricao": "Indica\u00e7\u00e3o", "autoria": "DUNGA", "texto_original": "http://sapl.limeiradooeste.mg.leg.br/media/sapl/public/materialegislativa/2023/3887/19-2023.pdf", "ementa": "Determine a manuten\u00e7\u00e3o da sinaliza\u00e7\u00e3o horizontal e vertical de nossa cidade."}, {"id": "3916", "ano": "2023", "numero": "20", "tipo__sigla": "IND", "tipo__descricao": "Indica\u00e7\u00e3o", "autoria": "JUNINHO DA FARMACIA", "texto_original": "http://sapl.limeiradooeste.mg.leg.br/media/sapl/public/materialegislativa/2023/3916/20-2023-pontecalais_opt.pdf", "ementa": "Solicitar ao Senhor Prefeito a coloca\u00e7\u00e3o de defensa met\u00e1lica (\u201cguard rail\u201d) na ponte Crisolto Alves Barbosa \u201cPonte do Calais\u201d."}, {"id": "3979", "ano": "2023", "numero": "21", "tipo__sigla": "IND", "tipo__descricao": "Indica\u00e7\u00e3o", "autoria": "JUNINHO DA FARMACIA", "texto_original": "http://sapl.limeiradooeste.mg.leg.br/media/sapl/public/materialegislativa/2023/3979/21-2023.pdf", "ementa": "Manuten\u00e7\u00e3o nos refletores do est\u00e1dio Municipal Luiz Carlos Ferrari."}, {"id": "3980", "ano": "2023", "numero": "22", "tipo__sigla": "IND", "tipo__descricao": "Indica\u00e7\u00e3o", "autoria": "JUNINHO DA FARMACIA", "texto_original": "http://sapl.limeiradooeste.mg.leg.br/media/sapl/public/materialegislativa/2023/3980/22-2023.pdf", "ementa": "Sejam tomadas medidas efetivas para uma quest\u00e3o recorrente que afeta nossa comunidade anualmente durante o per\u00edodo chuvoso: as inunda\u00e7\u00f5es que se seguem \u00e0 Ponte do Toco."}, {"id": "3649", "ano": "2023", "numero": "1", "tipo__sigla": "MOC", "tipo__descricao": "Mo\u00e7\u00e3o", "autoria": "", "texto_original": "http://sapl.limeiradooeste.mg.leg.br/media/sapl/public/materialegislativa/2023/3649/01-2023-mocaoromario.pdf", "ementa": "MO\u00c7\u00c3O DE APLAUSO AO SENHOR ROM\u00c1RIO FAUSTINO DE OLIVEIRA."}, {"id": "3896", "ano": "2023", "numero": "2", "tipo__sigla": "MOC", "tipo__descricao": "Mo\u00e7\u00e3o", "autoria": "AILTO MORAES", "texto_original": "http://sapl.limeiradooeste.mg.leg.br/media/sapl/public/materialegislativa/2023/3896/02-2023-ailto-policiais.pdf", "ementa": "Manifesta votos de aplausos e homenagem aos Policiais Militares do DESTACAMENTO DA PM DE LIMEIRA DO OESTE."}, {"id": "3915", "ano": "2023", "numero": "3", "tipo__sigla": "MOC", "tipo__descricao": "Mo\u00e7\u00e3o", "autoria": "TIA LAINY", "texto_original": "http://sapl.limeiradooeste.mg.leg.br/media/sapl/public/materialegislativa/2023/3915/03-2023-tialainy-.pdf", "ementa": "impedir a usurpa\u00e7\u00e3o da compet\u00eancia prim\u00e1ria do Poder Legislativo de legiferante."}, {"id": "3934", "ano": "2023", "numero": "4", "tipo__sigla": "MOC", "tipo__descricao": "Mo\u00e7\u00e3o", "autoria": "TIA LAINY", "texto_original": "http://sapl.limeiradooeste.mg.leg.br/media/sapl/public/materialegislativa/2023/3934/04-2023-tialainy-ademar.pdf", "ementa": "A C\u00e2mara Municipal de Limeira do Oeste/MG, atrav\u00e9s do seu Corpo Deliberativo, manifesta votos de aplauso e reconhecimento ao Senhor Ademar Dezanetti"}, {"id": "3935", "ano": "2023", "numero": "5", "tipo__sigla": "MOC", "tipo__descricao": "Mo\u00e7\u00e3o", "autoria": "TIA LAINY", "texto_original": "http://sapl.limeiradooeste.mg.leg.br/media/sapl/public/materialegislativa/2023/3935/05-2023-tialainy-edmilson.pdf", "ementa": "A C\u00e2mara Municipal de Limeira do Oeste/MG, atrav\u00e9s do seu Corpo Deliberativo, manifesta votos de aplauso e reconhecimento ao Senhor Edmilson Ant\u00f4nio dos Santos."}, {"id": "3606", "ano": "2023", "numero": "1", "tipo__sigla": "OFI", "tipo__descricao": "Of\u00edcio", "autoria": "CELITA", "texto_original": "http://sapl.limeiradooeste.mg.leg.br/media/sapl/public/materialegislativa/2023/3606/of01-2023.pdf", "ementa": "Senhor Prefeito, venho requisitar de Vossa Excel\u00eancia, a 1\u00aa (primeira) parcela do Duod\u00e9cimo, referente ao m\u00eas de janeiro de 2023."}, {"id": "3607", "ano": "2023", "numero": "2", "tipo__sigla": "OFI", "tipo__descricao": "Of\u00edcio", "autoria": "AILTO MORAES", "texto_original": "http://sapl.limeiradooeste.mg.leg.br/media/sapl/public/materialegislativa/2023/3607/of02-2023.pdf", "ementa": "Senhor Prefeito, Venho por este solicitar provid\u00eancias a respeito do processo licitat\u00f3rio  para concess\u00e3o dos servi\u00e7os de fornecimento de \u00e1gua e tratamento de esgoto, visto que o contrato da COPASA se encerra em mar\u00e7o deste ano."}, {"id": "3608", "ano": "2023", "numero": "3", "tipo__sigla": "OFI", "tipo__descricao": "Of\u00edcio", "autoria": "AILTO MORAES", "texto_original": "http://sapl.limeiradooeste.mg.leg.br/media/sapl/public/materialegislativa/2023/3608/of03-2023.pdf", "ementa": "Senhor Prefeito, Solicito que seja feita a doa\u00e7\u00e3o dos 200 lotes do Bairro Novo Horizonte, uma vez que o prazo que a empresa ganhadora da licita\u00e7\u00e3o pediu para construir as casas j\u00e1 venceu e nada foi feito e a demanda por moradias est\u00e1 s\u00f3 aumentando."}, {"id": "3609", "ano": "2023", "numero": "4", "tipo__sigla": "OFI", "tipo__descricao": "Of\u00edcio", "autoria": "AILTO MORAES", "texto_original": "http://sapl.limeiradooeste.mg.leg.br/media/sapl/public/materialegislativa/2023/3609/of04-2023.pdf", "ementa": "Senhor Prefeito, Solicito que seja feita a corre\u00e7\u00e3o dos sal\u00e1rios dos servidores do Munic\u00edpio sobre o INPC de 5,97% e mais um ganho real de 10%."}, {"id": "3610", "ano": "2023", "numero": "5", "tipo__sigla": "OFI", "tipo__descricao": "Of\u00edcio", "autoria": "CELITA", "texto_original": "http://sapl.limeiradooeste.mg.leg.br/media/sapl/public/materialegislativa/2023/3610/of05-2023.pdf", "ementa": "Senhor Prefeito, encaminho documentos cont\u00e1beis referentes \u00e0 compet\u00eancia de dezembro de 2022."}, {"id": "3611", "ano": "2023", "numero": "6", "tipo__sigla": "OFI", "tipo__descricao": "Of\u00edcio", "autoria": "CELITA", "texto_original": "http://sapl.limeiradooeste.mg.leg.br/media/sapl/public/materialegislativa/2023/3611/of06-2023.pdf", "ementa": "Senhor Prefeito, em resposta ao Of\u00edcio n\u00b0 02/2023-GP, encaminho, conforme solicitado, novas imagens e lista dos materiais disponibilizados ao Executivo."}, {"id": "3630", "ano": "2023", "numero": "7", "tipo__sigla": "OFI", "tipo__descricao": "Of\u00edcio", "autoria": "CELITA", "texto_original": "http://sapl.limeiradooeste.mg.leg.br/media/sapl/public/materialegislativa/2023/3630/of07-2023.pdf", "ementa": "Senhor Prefeito, solicitamos que seja feita a recupera\u00e7\u00e3o da ponte localizada no C\u00f3rrego da Cabrinha, na Fazenda do Colorado."}, {"id": "3631", "ano": "2023", "numero": "8", "tipo__sigla": "OFI", "tipo__descricao": "Of\u00edcio", "autoria": "CELITA", "texto_original": "http://sapl.limeiradooeste.mg.leg.br/media/sapl/public/materialegislativa/2023/3631/of08-2023.pdf", "ementa": "Senhor Prefeito, encaminho expediente aprovado na 1\u00aa Reuni\u00e3o Ordin\u00e1ria dia 16 de janeiro."}, {"id": "3632", "ano": "2023", "numero": "9", "tipo__sigla": "OFI", "tipo__descricao": "Of\u00edcio", "autoria": "CELITA", "texto_original": "http://sapl.limeiradooeste.mg.leg.br/media/", "ementa": "Senhor Prefeito, devolvo a Vossa Excel\u00eancia o Projeto de Lei Complementar n\u00ba 03/2023."}, {"id": "3633", "ano": "2023", "numero": "10", "tipo__sigla": "OFI", "tipo__descricao": "Of\u00edcio", "autoria": "CELITA", "texto_original": "http://sapl.limeiradooeste.mg.leg.br/media/sapl/public/materialegislativa/2023/3633/of10-2023.pdf", "ementa": "Senhor Prefeito, Solicito que sejam informadas as atribui\u00e7\u00f5es de cada cargo comissionado apresentado no projeto de lei complementar n\u00ba 02/2023, conforme Recurso Extraordin\u00e1rio - RE n\u00ba 1041210."}, {"id": "3634", "ano": "2023", "numero": "11", "tipo__sigla": "OFI", "tipo__descricao": "Of\u00edcio", "autoria": "TIA LAINY", "texto_original": "http://sapl.limeiradooeste.mg.leg.br/media/sapl/public/materialegislativa/2023/3634/of11-2023.pdf", "ementa": "Senhor Prefeito, solicito que seja disponibilizado transporte para 06 jovens, para a cidade de Uberl\u00e2ndia, no dia 11 de fevereiro de 2023 para participar do Safety L\u00edder 4\u00aa Edi\u00e7\u00e3o, das 8 \u00e0s 18 horas."}, {"id": "3635", "ano": "2023", "numero": "12", "tipo__sigla": "OFI", "tipo__descricao": "Of\u00edcio", "autoria": "CELITA", "texto_original": "http://sapl.limeiradooeste.mg.leg.br/media/sapl/public/materialegislativa/2023/3635/of12-2023.pdf", "ementa": "Senhor Prefeito, devolvo o Projeto de Lei Complementar 01/2023."}, {"id": "3636", "ano": "2023", "numero": "13", "tipo__sigla": "OFI", "tipo__descricao": "Of\u00edcio", "autoria": "AILTO MORAES", "texto_original": "http://sapl.limeiradooeste.mg.leg.br/media/sapl/public/materialegislativa/2023/3636/of13-2023-anexos.pdf", "ementa": "Senhor Adrian Franco Silva, Chefe da 31\u00aa Regional - DER, Solicito que se tomem provid\u00eancias urgentes para recupera\u00e7\u00e3o do trecho da LMG 865 - Limeira do Oeste e Iturama."}, {"id": "3637", "ano": "2023", "numero": "14", "tipo__sigla": "OFI", "tipo__descricao": "Of\u00edcio", "autoria": "CELITA", "texto_original": "http://sapl.limeiradooeste.mg.leg.br/media/sapl/public/materialegislativa/2023/3637/of14-2023.pdf", "ementa": "Senhor Prefeito, encaminho o expediente aprovado na 2\u00aa R. E. realizada neste dia."}, {"id": "3638", "ano": "2023", "numero": "15", "tipo__sigla": "OFI", "tipo__descricao": "Of\u00edcio", "autoria": "CELITA", "texto_original": "http://sapl.limeiradooeste.mg.leg.br/media/sapl/public/materialegislativa/2023/3638/of15-2023.pdf", "ementa": "Senhor Prefeito, encaminho o expediente aprovado na 3\u00aa R. E. realizada neste dia."}, {"id": "3645", "ano": "2023", "numero": "16", "tipo__sigla": "OFI", "tipo__descricao": "Of\u00edcio", "autoria": "AILTO MORAES", "texto_original": "http://sapl.limeiradooeste.mg.leg.br/media/sapl/public/materialegislativa/2023/3645/of16-2023-vcm.pdf", "ementa": "Senhor Prefeito, Tendo em vista que Vossa Excel\u00eancia informou a n\u00f3s Vereadores e \u00e0\r\npopula\u00e7\u00e3o limeirense que est\u00e3o sendo tomadas provid\u00eancias a respeito da rescis\u00e3o contratual dos servi\u00e7os prestados pela empresa COPASA, solicito que envie a esta Casa a(s) c\u00f3pia(s) do(s) processo(s) feito(s) por sua equipe em rela\u00e7\u00e3o a este assunto."}, {"id": "3646", "ano": "2023", "numero": "17", "tipo__sigla": "OFI", "tipo__descricao": "Of\u00edcio", "autoria": "CELITA", "texto_original": "http://sapl.limeiradooeste.mg.leg.br/media/", "ementa": "Senhor Prefeito, encaminho expediente aprovado na 4\u00aa R. O. realizada no dia 30 de janeiro de 2023."}, {"id": "3647", "ano": "2023", "numero": "18", "tipo__sigla": "OFI", "tipo__descricao": "Of\u00edcio", "autoria": "CELITA", "texto_original": "http://sapl.limeiradooeste.mg.leg.br/media/sapl/public/materialegislativa/2023/3647/of18-2023-gpc.pdf", "ementa": "Senhor Prefeito, solicitamos que seja a recupera\u00e7\u00e3o do aterro localizado na Estrada Sebasti\u00e3o Barcelos da Fonseca, C\u00f3rrego do Buriti, fazenda Arara."}, {"id": "3648", "ano": "2023", "numero": "19", "tipo__sigla": "OFI", "tipo__descricao": "Of\u00edcio", "autoria": "AILTO MORAES", "texto_original": "http://sapl.limeiradooeste.mg.leg.br/media/sapl/public/materialegislativa/2023/3648/of19-2023-vcm.pdf", "ementa": "Senhor Prefeito, Em virtude \u00e0 cobran\u00e7a da popula\u00e7\u00e3o que diariamente me procura para falar da grande quantidade de mosquitos e, em raz\u00e3o do per\u00edodo de chuvas, solicito que Vossa Excel\u00eancia determine provid\u00eancias junto aos \u00f3rg\u00e3os competentes para que seja realizado o \u201cfumac\u00ea\u201d em nossa cidade."}, {"id": "3650", "ano": "2023", "numero": "20", "tipo__sigla": "OFI", "tipo__descricao": "Of\u00edcio", "autoria": "CELITA", "texto_original": "http://sapl.limeiradooeste.mg.leg.br/media/", "ementa": "Senhor Prefeito, venho requisitar de Vossa Excel\u00eancia, a 2\u00aa (segunda) parcela do Duod\u00e9cimo, referente ao m\u00eas de fevereiro de 2023"}, {"id": "3651", "ano": "2023", "numero": "21", "tipo__sigla": "OFI", "tipo__descricao": "Of\u00edcio", "autoria": "CELITA", "texto_original": "http://sapl.limeiradooeste.mg.leg.br/media/sapl/public/materialegislativa/2023/3651/of21-2023-gpc_opt.pdf", "ementa": "Senhor Prefeito, encaminho expediente aprovado na 2\u00aa RO realizada no dia 06 de fevereiro."}, {"id": "3652", "ano": "2023", "numero": "22", "tipo__sigla": "OFI", "tipo__descricao": "Of\u00edcio", "autoria": "CELITA", "texto_original": "http://sapl.limeiradooeste.mg.leg.br/media/sapl/public/materialegislativa/2023/3652/of22-2023-vcmanexo.pdf", "ementa": "Solicitamos que Vossa Senhoria determine provid\u00eancias para que seja feita uma avalia\u00e7\u00e3o na ponte localizada na Rodovia LMG 865 entre Limeira do Oeste e Carneirinho, visto que h\u00e1 sali\u00eancias nas duas extremidades."}, {"id": "3653", "ano": "2023", "numero": "23", "tipo__sigla": "OFI", "tipo__descricao": "Of\u00edcio", "autoria": "CELITA", "texto_original": "http://sapl.limeiradooeste.mg.leg.br/media/sapl/public/materialegislativa/2023/3653/of23-2023-vcmanexo.pdf", "ementa": "Vimos por este solicitar que seja realizada a ro\u00e7agem do capim \u00e0s margens da Rodovia LMG 865, trecho entre Limeira do Oeste e a Usina Coruripe \u2013 Filial Limeira do Oeste."}, {"id": "3659", "ano": "2023", "numero": "24", "tipo__sigla": "OFI", "tipo__descricao": "Of\u00edcio", "autoria": "CELITA", "texto_original": "http://sapl.limeiradooeste.mg.leg.br/media/sapl/public/materialegislativa/2023/3659/of24-2023-vcm_opt.pdf", "ementa": "Senhor Prefeito, solicitamos uma intermedia\u00e7\u00e3o entre Poder Executivo e os propriet\u00e1rios dos s\u00edtios e fazenda que margeiam a estrada Alfredo Soares da Maia, trecho entre o Cemit\u00e9rio Municipal e o entroncamento da Rodovia LMG 865."}, {"id": "3660", "ano": "2023", "numero": "25", "tipo__sigla": "OFI", "tipo__descricao": "Of\u00edcio", "autoria": "JUNINHO DA FARMACIA", "texto_original": "http://sapl.limeiradooeste.mg.leg.br/media/sapl/public/materialegislativa/2023/3660/025-celita-romario-comunica_e_encaminha_mocao.pdf", "ementa": "Senhor Rom\u00e1rio Faustino de Oliveira, Informo que foi aprovada por unanimidade a Mo\u00e7\u00e3o no 01/202023 (c\u00f3pia anexa), de autoria de todos os Vereadores."}, {"id": "3661", "ano": "2023", "numero": "26", "tipo__sigla": "OFI", "tipo__descricao": "Of\u00edcio", "autoria": "JUNINHO DA FARMACIA", "texto_original": "http://sapl.limeiradooeste.mg.leg.br/media/sapl/public/materialegislativa/2023/3661/of26-2023-vcm_opt.pdf", "ementa": "Senhor Prefeito, objetivando a execu\u00e7\u00e3o da Lei de Cria\u00e7\u00e3o do FUPA, solicito que seja encaminhado a esta Casa um projeto de lei de cr\u00e9dito especial, para inclus\u00e3o no or\u00e7amento deste ano."}, {"id": "3662", "ano": "2023", "numero": "27", "tipo__sigla": "OFI", "tipo__descricao": "Of\u00edcio", "autoria": "DUNGA", "texto_original": "http://sapl.limeiradooeste.mg.leg.br/media/sapl/public/materialegislativa/2023/3662/of27-2023-vcm_opt.pdf", "ementa": "Senhor Prefeito, Considerando as emendas impositivas previstas no or\u00e7amento para\r\nexecu\u00e7\u00e3o no ano de 2023, n\u00f3s Vereadores abaixo assinados destinamos o montante\r\nde R$ 6.500,00 para a premia\u00e7\u00e3o e compra de trof\u00e9us para o Carnaval 2023, sendo\r\no valor assim dividido: R$ 2.000,00 do Vereador Eberton Alves de Oliveira e R$\r\n1.500,00 dos demais Vereadores. (Celcimar, Celita e William)."}, {"id": "3663", "ano": "2023", "numero": "28", "tipo__sigla": "OFI", "tipo__descricao": "Of\u00edcio", "autoria": "CELITA", "texto_original": "http://sapl.limeiradooeste.mg.leg.br/media/sapl/public/materialegislativa/2023/3663/of28-2023-vcm_opt.pdf", "ementa": "Senhor Professor Wendel Mesquita, Vimos por meio deste, solicitar ao Nobre Deputado, a possibilidade de viabilizar verba na ordem de R$ 50.000,00 para a implanta\u00e7\u00e3o de um playground na Pra\u00e7a Amador Jos\u00e9 de Queiroz."}, {"id": "3664", "ano": "2023", "numero": "29", "tipo__sigla": "OFI", "tipo__descricao": "Of\u00edcio", "autoria": "CELITA", "texto_original": "http://sapl.limeiradooeste.mg.leg.br/media/sapl/public/materialegislativa/2023/3664/of29-2023-gpc_opt.pdf", "ementa": "Senhor Eder Aguiar, Secret\u00e1rio Municipal de Sa\u00fade, Venho por este convid\u00e1-lo para comparecer a uma reuni\u00e3o nesta Casa de Leis no dia 15 de fevereiro do corrente ano, \u00e0s 09 horas, para tratar sobre assuntos referentes \u00e0 sa\u00fade em nosso Munic\u00edpio."}, {"id": "3670", "ano": "2023", "numero": "30", "tipo__sigla": "OFI", "tipo__descricao": "Of\u00edcio", "autoria": "CELITA", "texto_original": "http://sapl.limeiradooeste.mg.leg.br/media/sapl/public/materialegislativa/2023/3670/of30-2023-presidente_-__prefeito_-_portaria_siafic_opt.pdf", "ementa": "Senhor Prefeito, encaminho portaria n\u00ba 08/2023, de ades\u00e3o aos m\u00f3dulos usuais pela C\u00e2mara, em cumprimento ao disposto no Par\u00e1grafo \u00danico, do Artigo 18, do Decreto Federal no 10.540 de 05 de novembro de 2.020."}, {"id": "3671", "ano": "2023", "numero": "31", "tipo__sigla": "OFI", "tipo__descricao": "Of\u00edcio", "autoria": "", "texto_original": "http://sapl.limeiradooeste.mg.leg.br/media/sapl/public/materialegislativa/2023/3671/of31-2023-vcm.pdf", "ementa": "Senhor Prefeito, solicitamos que entre em contato com o DER no sentido do munic\u00edpio auxiliar na opera\u00e7\u00e3o tapa buraco."}, {"id": "3672", "ano": "2023", "numero": "32", "tipo__sigla": "OFI", "tipo__descricao": "Of\u00edcio", "autoria": "ANTONIO LUIZ, DUNGA, TIA LAINY", "texto_original": "http://sapl.limeiradooeste.mg.leg.br/media/sapl/public/materialegislativa/2023/3672/of32-2023-vcm.pdf", "ementa": "Senhor Deputado, Raul Bel\u00e9m, Vimos por meio deste, solicitar ao Nobre Deputado, que destine verba na ordem de R$ 50.000,00 para a implanta\u00e7\u00e3o de um playground no Bairro\r\nJoam\u00e1rio."}, {"id": "3673", "ano": "2023", "numero": "33", "tipo__sigla": "OFI", "tipo__descricao": "Of\u00edcio", "autoria": "TIA LAINY", "texto_original": "http://sapl.limeiradooeste.mg.leg.br/media/sapl/public/materialegislativa/2023/3673/of33-2023-vcm.pdf", "ementa": "Senhores Deputados: Raul Bel\u00e9m e Z\u00e9 Vitor, Solicitamos que sejam enviados recursos financeiros para aquisi\u00e7\u00e3o de um ve\u00edculo com acessibilidade para a APAE Munic\u00edpio de Limeira do Oeste."}, {"id": "3674", "ano": "2023", "numero": "34", "tipo__sigla": "OFI", "tipo__descricao": "Of\u00edcio", "autoria": "CELITA", "texto_original": "http://sapl.limeiradooeste.mg.leg.br/media/sapl/public/materialegislativa/2023/3674/of34-2023-vcm.pdf", "ementa": "Senhor Prefeito, encaminho expediente aprovado na 3\u00aa R.O. realizada dia 15 de fevereiro."}, {"id": "3675", "ano": "2023", "numero": "35", "tipo__sigla": "OFI", "tipo__descricao": "Of\u00edcio", "autoria": "EBERTON SUINO, JUNINHO DA FARMACIA, TIA LAINY", "texto_original": "http://sapl.limeiradooeste.mg.leg.br/media/sapl/public/materialegislativa/2023/3675/of35-2023-vcm.pdf", "ementa": "Senhor Prefeito, Senhor Secret\u00e1rio M. Obras Antonio Francisco e Senhor Secret\u00e1rio de Educa\u00e7\u00e3o, Clodoaldo G. Oliveira, Vimos por este solicitar especial aten\u00e7\u00e3o em rela\u00e7\u00e3o ao controle de pombos na Escola Municipal Ant\u00f4nio Vicente Fonseca."}, {"id": "3676", "ano": "2023", "numero": "36", "tipo__sigla": "OFI", "tipo__descricao": "Of\u00edcio", "autoria": "AILTO MORAES, ANTONIO LUIZ, CELITA, DUNGA, EBERTON SUINO, JUNINHO DA FARMACIA, TIA LAINY, TI\u00c3O ARARA, WILLIAM BOZZA", "texto_original": "http://sapl.limeiradooeste.mg.leg.br/media/sapl/public/materialegislativa/2023/3676/of36-2023-vcm.pdf", "ementa": "Senhor Governador, Romeu Zema, Vimos por este solicitar em car\u00e1ter de urg\u00eancia que sejam determinadas as provid\u00eancias necess\u00e1rias para a realiza\u00e7\u00e3o de um recapeamento na rodovia LMG 865 e na MGC-497."}, {"id": "3677", "ano": "2023", "numero": "37", "tipo__sigla": "OFI", "tipo__descricao": "Of\u00edcio", "autoria": "DUNGA, JUNINHO DA FARMACIA, TIA LAINY, WILLIAM BOZZA", "texto_original": "http://sapl.limeiradooeste.mg.leg.br/media/sapl/public/materialegislativa/2023/3677/of37-2023.pdf", "ementa": "Senhor Hudson Elvis Ferreira, Agente Relacionamento CEMIG, Diante de v\u00e1rias reclama\u00e7\u00f5es feitas aos Vereadores sobre falta de energia na zona rural ocasionando muitas percas aos produtores rurais, solicitamos que seja esclarecido o motivo de tantas interrup\u00e7\u00f5es no fornecimento de energia."}, {"id": "3678", "ano": "2023", "numero": "38", "tipo__sigla": "OFI", "tipo__descricao": "Of\u00edcio", "autoria": "TIA LAINY", "texto_original": "http://sapl.limeiradooeste.mg.leg.br/media/sapl/public/materialegislativa/2023/3678/of38-2023.pdf", "ementa": "Senhor Prefeito, Solicito que Vossa Excel\u00eancia determine provid\u00eancias para resolver\r\nessa quest\u00e3o, pois a carga de trabalho incidente sobre as garis tem sido alta sendo\r\nhumanamente imposs\u00edvel o cumprimento integral das tarefas di\u00e1rias."}, {"id": "3679", "ano": "2023", "numero": "39", "tipo__sigla": "OFI", "tipo__descricao": "Of\u00edcio", "autoria": "CELITA", "texto_original": "http://sapl.limeiradooeste.mg.leg.br/media/sapl/public/materialegislativa/2023/3679/of39-2023-.pdf", "ementa": "Senhor Prefeito, Em conformidade com as emendas impositivas previstas no or\u00e7amento\r\npara execu\u00e7\u00e3o no ano de 2023 e considerando que 50% do valor dessas emendas\r\ndeve ser destinado ao setor de sa\u00fade, como preconiza a lei, venho respeitosamente,\r\nem nome de todos os Vereadores e com a anu\u00eancia de cada um, indicar a destina\u00e7\u00e3o desses 50% de cada Vereador para aquisi\u00e7\u00e3o de dois Chevrolet Spin e um Fiat Cronos."}, {"id": "3680", "ano": "2023", "numero": "40", "tipo__sigla": "OFI", "tipo__descricao": "Of\u00edcio", "autoria": "CELITA", "texto_original": "http://sapl.limeiradooeste.mg.leg.br/media/sapl/public/materialegislativa/2023/3680/of40-2023-.pdf", "ementa": "Senhor Prefeito, venho requisitar a 3\u00aa parcela do Duod\u00e9cimo, referente ao m\u00eas de mar\u00e7o."}, {"id": "3681", "ano": "2023", "numero": "41", "tipo__sigla": "OFI", "tipo__descricao": "Of\u00edcio", "autoria": "JUNINHO DA FARMACIA, TIA LAINY", "texto_original": "http://sapl.limeiradooeste.mg.leg.br/media/sapl/public/materialegislativa/2023/3681/of41-2023-vcm-1.pdf", "ementa": "Senhor Prefeito e Senhor Vanderlei Pereira, Presidente CONSEP, Venho por este solicitar que seja verificada a possibilidade da instala\u00e7\u00e3o de uma c\u00e2mera em frente ao lix\u00e3o de nossa cidade, por quest\u00f5es de seguran\u00e7a e tamb\u00e9m para identifica\u00e7\u00e3o de infratores."}, {"id": "3682", "ano": "2023", "numero": "42", "tipo__sigla": "OFI", "tipo__descricao": "Of\u00edcio", "autoria": "", "texto_original": "http://sapl.limeiradooeste.mg.leg.br/media/sapl/public/materialegislativa/2023/3682/of42-2023-vcm-todos.pdf", "ementa": "Senhor Deputado Z\u00e9 Silva, Deputado Fred Costa, Deputado Z\u00e9 Vitor e Deputado Weliton Prado, solicitamos que V. Exa. Intermedeie junto aos governos estadual e federal para que sejam determinadas provid\u00eancias necess\u00e1rias para realiza\u00e7\u00e3o de recapeamento na rodovia LMG 865 e na MGC-497."}, {"id": "3683", "ano": "2023", "numero": "43", "tipo__sigla": "OFI", "tipo__descricao": "Of\u00edcio", "autoria": "", "texto_original": "http://sapl.limeiradooeste.mg.leg.br/media/", "ementa": "Vimos respeitosamente solicitar que seja dada prefer\u00eancia aos limeirenses na contrata\u00e7\u00e3o de m\u00e3o de obra, para ajudar a empregar nossos mun\u00edcipes e fortalecer o com\u00e9rcio local."}, {"id": "3684", "ano": "2023", "numero": "44", "tipo__sigla": "OFI", "tipo__descricao": "Of\u00edcio", "autoria": "CELITA", "texto_original": "http://sapl.limeiradooeste.mg.leg.br/media/sapl/public/materialegislativa/2023/3684/of44-2023-gp-celita.pdf", "ementa": "Senhor Prefeito, encaminho expediente aprovado na 4\u00aa RO, realizada no dia 06 de mar\u00e7o."}, {"id": "3685", "ano": "2023", "numero": "45", "tipo__sigla": "OFI", "tipo__descricao": "Of\u00edcio", "autoria": "AILTO MORAES", "texto_original": "http://sapl.limeiradooeste.mg.leg.br/media/sapl/public/materialegislativa/2023/3685/of45-2023-vcm-ailto.pdf", "ementa": "Senhor Prefeito; Solicito que seja feita a doa\u00e7\u00e3o dos 173 lotes localizados no Jardim Novo Horizonte, tendo em vista que j\u00e1 venceu o prazo para que a empresa vencedora do certame come\u00e7asse as obras de constru\u00e7\u00e3o das casas populares."}, {"id": "3686", "ano": "2023", "numero": "46", "tipo__sigla": "OFI", "tipo__descricao": "Of\u00edcio", "autoria": "AILTO MORAES", "texto_original": "http://sapl.limeiradooeste.mg.leg.br/media/sapl/public/materialegislativa/2023/3686/of46-2023-vcm-ailto.pdf", "ementa": "Senhor Prefeito, solicito provid\u00eancias a respeito do trabalho de regulariza\u00e7\u00e3o de terrenos em face \u00e0 parceria da Prefeitura com a empresa Legaliza."}, {"id": "3691", "ano": "2023", "numero": "47", "tipo__sigla": "OFI", "tipo__descricao": "Of\u00edcio", "autoria": "CELITA", "texto_original": "http://sapl.limeiradooeste.mg.leg.br/media/sapl/public/materialegislativa/2023/3691/of47-2023-vcm-celita-arismig.pdf", "ementa": "Senhor Hideraldo Henrique Silva, Presidente da ARISMIG, Em face \u00e0 tramita\u00e7\u00e3o do Projeto de Lei Ordin\u00e1ria no 06/2023, que: \u201cAUTORIZA A FORMALIZA\u00c7\u00c3O DE CONV\u00caNIO ENTRE O MUNIC\u00cdPIO DE LIMEIRA DO OESTE E A AG\u00caNCIA REGULADORA INTERMUNICIPAL DE SANEAMENTO DE MINAS GERAIS (ARISMIG)\u201d, solicito que seja enviado um representante para esclarecer alguns questionamentos referentes ao projeto em tela."}, {"id": "3692", "ano": "2023", "numero": "48", "tipo__sigla": "OFI", "tipo__descricao": "Of\u00edcio", "autoria": "CELITA", "texto_original": "http://sapl.limeiradooeste.mg.leg.br/media/sapl/public/materialegislativa/2023/3692/of48-2023-gp-celita.pdf", "ementa": "Senhor Prefeito, Encaminho documentos cont\u00e1beis referentes a janeiro de 2023."}, {"id": "3693", "ano": "2023", "numero": "49", "tipo__sigla": "OFI", "tipo__descricao": "Of\u00edcio", "autoria": "CELITA", "texto_original": "http://sapl.limeiradooeste.mg.leg.br/media/", "ementa": "Senhor Prefeito, encaminho documentos cont\u00e1beis referentes a fevereiro de 2023."}, {"id": "3694", "ano": "2023", "numero": "50", "tipo__sigla": "OFI", "tipo__descricao": "Of\u00edcio", "autoria": "DUNGA", "texto_original": "http://sapl.limeiradooeste.mg.leg.br/media/sapl/public/materialegislativa/2023/3694/of50-2023-vcm-dunga.pdf", "ementa": "Senhor Prefeito e Senhor Samuel Von Ancken, encarregado de sistema da COPASA, solicito provid\u00eancias em rela\u00e7\u00e3o ao tamp\u00e3o de po\u00e7o de visita (PV) localizado no cruzamento da Rua Canad\u00e1 com a Avenida Minas Gerais."}, {"id": "3697", "ano": "2023", "numero": "51", "tipo__sigla": "OFI", "tipo__descricao": "Of\u00edcio", "autoria": "CELITA", "texto_original": "http://sapl.limeiradooeste.mg.leg.br/media/sapl/public/materialegislativa/2023/3697/of051-2023-gpc.pdf", "ementa": "Senhor Prefeito, encaminho anexas as tabelas com a destina\u00e7\u00e3o das emendas impositivas dos seguintes Vereadores: Celcimar, Celita, \u00c9berton e William."}, {"id": "3698", "ano": "2023", "numero": "52", "tipo__sigla": "OFI", "tipo__descricao": "Of\u00edcio", "autoria": "CELITA", "texto_original": "http://sapl.limeiradooeste.mg.leg.br/media/", "ementa": "Senhor Prefeito, encaminho o expediente aprovado na 4\u00aa RO realizada no dia 20 de mar\u00e7o."}, {"id": "3699", "ano": "2023", "numero": "53", "tipo__sigla": "OFI", "tipo__descricao": "Of\u00edcio", "autoria": "CELITA", "texto_original": "http://sapl.limeiradooeste.mg.leg.br/media/", "ementa": "Senhora B\u00e1rbara Borges, Representante da Integra\u00e7\u00e3o Profissional Cursos e Treinamentos - INPROF, informo que a sede da C\u00e2mara Municipal est\u00e1 passando por uma reforma e que a C\u00e2mara est\u00e1 em funcionamento em uma sede provis\u00f3ria que n\u00e3o oferece condi\u00e7\u00e3o para receber essa quantidade de p\u00fablico."}, {"id": "3700", "ano": "2023", "numero": "54", "tipo__sigla": "OFI", "tipo__descricao": "Of\u00edcio", "autoria": "CELITA", "texto_original": "http://sapl.limeiradooeste.mg.leg.br/media/sapl/public/materialegislativa/2023/3700/of54-2023-gpc-emendaimpositiva-tiaoarara.pdf", "ementa": "Senhor Prefeito, encaminho anexa a tabela com a destina\u00e7\u00e3o da emenda impositiva do Vereador Sebasti\u00e3o Gomes Nogueira."}, {"id": "3712", "ano": "2023", "numero": "55", "tipo__sigla": "OFI", "tipo__descricao": "Of\u00edcio", "autoria": "CELITA, DUNGA, EBERTON SUINO, JUNINHO DA FARMACIA, TIA LAINY, WILLIAM BOZZA", "texto_original": "http://sapl.limeiradooeste.mg.leg.br/media/sapl/public/materialegislativa/2023/3712/of55-2023-vcm.pdf", "ementa": "Senhor Rodrigo Tavares, Diretor DER, Vimos por este solicitar em car\u00e1ter de urg\u00eancia que sejam determinadas as provid\u00eancias necess\u00e1rias para a realiza\u00e7\u00e3o de um recapeamento na rodovia LMG 865 e na MGC - 497."}, {"id": "3713", "ano": "2023", "numero": "56", "tipo__sigla": "OFI", "tipo__descricao": "Of\u00edcio", "autoria": "ANTONIO LUIZ, TIA LAINY", "texto_original": "http://sapl.limeiradooeste.mg.leg.br/media/sapl/public/materialegislativa/2023/3713/of56-2023-vcm.pdf", "ementa": "Senhor Raul Bel\u00e9m, Deputado Estadual, Venho, respeitosamente, solicitar que Vossa Excel\u00eancia destine o valor de R$ 100.000,00 (cem mil reais) cujo objetivo \u00e9 a manuten\u00e7\u00e3o das instala\u00e7\u00f5es f\u00edsicas da Escola Estadual Izoldino Soares de Freitas (troca do padr\u00e3o de energia),\r\npois foram instalados ar condicionados em todas as salas e a entrada atual n\u00e3o\r\ncomporta esse consumo."}, {"id": "3714", "ano": "2023", "numero": "57", "tipo__sigla": "OFI", "tipo__descricao": "Of\u00edcio", "autoria": "ANTONIO LUIZ, TIA LAINY", "texto_original": "http://sapl.limeiradooeste.mg.leg.br/media/sapl/public/materialegislativa/2023/3714/of57-2023-vcm.pdf", "ementa": "Senhor Raul Bel\u00e9m, Deputado Estadual, Venho atrav\u00e9s do presente solicitar que Vossa Excel\u00eancia interceda junto aos \u00f3rg\u00e3os competentes com a finalidade de viabilizar mata-burros de ferro para atender \u00e0 demanda do nosso munic\u00edpio."}, {"id": "3715", "ano": "2023", "numero": "58", "tipo__sigla": "OFI", "tipo__descricao": "Of\u00edcio", "autoria": "ANTONIO LUIZ, TIA LAINY", "texto_original": "http://sapl.limeiradooeste.mg.leg.br/media/sapl/public/materialegislativa/2023/3715/of58-2023-vcm.pdf", "ementa": "Senhor Raul Bel\u00e9m, Deputado Estadual, Vimos por este solicitar a destina\u00e7\u00e3o de um ve\u00edculo tipo micro-\u00f4nibus para ser utilizado pela Secretaria Municipal de Esportes."}, {"id": "3716", "ano": "2023", "numero": "59", "tipo__sigla": "OFI", "tipo__descricao": "Of\u00edcio", "autoria": "AILTO MORAES, ANTONIO LUIZ, CELITA, DUNGA, EBERTON SUINO, JUNINHO DA FARMACIA, TIA LAINY, TI\u00c3O ARARA, WILLIAM BOZZA", "texto_original": "http://sapl.limeiradooeste.mg.leg.br/media/sapl/public/materialegislativa/2023/3716/of59-2023-todos_os_vereadores_-_solicitacao_apresentacao_da_esquadrilha_da_fumaca_-_brigadeiro_adolfo_1.pdf", "ementa": "Senhor Adolfo Aleixo da Silva Junior - Brigadeiro do Ar, Comandante do CECOMSAER, Vimos, respeitosamente, solicitar apresenta\u00e7\u00e3o da Esquadrilha da Fuma\u00e7a em car\u00e1ter institucional, durante o evento comemorativo em que o Munic\u00edpio de Limeira do Oeste/MG completar\u00e1 55 anos de funda\u00e7\u00e3o."}, {"id": "3717", "ano": "2023", "numero": "60", "tipo__sigla": "OFI", "tipo__descricao": "Of\u00edcio", "autoria": "AILTO MORAES, ANTONIO LUIZ, CELITA, DUNGA, EBERTON SUINO, JUNINHO DA FARMACIA, TIA LAINY, TI\u00c3O ARARA, WILLIAM BOZZA", "texto_original": "http://sapl.limeiradooeste.mg.leg.br/media/sapl/public/materialegislativa/2023/3717/of60-2023-todos_os_vereadores_-_solicitacao_apresentacao_da_esquadrilha_da_fumaca_-_daniel_garcia.pdf", "ementa": "Senhor Daniel Garcia Pereira, Comandante da Esquadrilha da Fuma\u00e7a - Academia da For\u00e7a A\u00e9rea (AFA), Vimos, respeitosamente solicitar apresenta\u00e7\u00e3o da Esquadrilha da Fuma\u00e7a em car\u00e1ter institucional, durante o evento comemorativo onde o munic\u00edpio de Limeira do Oeste/MG completar\u00e1 55 anos de funda\u00e7\u00e3o."}, {"id": "3718", "ano": "2023", "numero": "61", "tipo__sigla": "OFI", "tipo__descricao": "Of\u00edcio", "autoria": "AILTO MORAES, ANTONIO LUIZ, CELITA, DUNGA, EBERTON SUINO, JUNINHO DA FARMACIA, TIA LAINY, TI\u00c3O ARARA, WILLIAM BOZZA", "texto_original": "http://sapl.limeiradooeste.mg.leg.br/media/sapl/public/materialegislativa/2023/3718/of61-2023-gpc-prefeito.pdf", "ementa": "Senhor Prefeito, vimos por este convid\u00e1-lo para comparecer na 6\u00aa R. O. no dia 03 de abril, \u00e0s 19 horas para esclarecer \u00e0 popula\u00e7\u00e3o a respeito da constru\u00e7\u00e3o das casas populares no Jardim Novo Horizonte."}, {"id": "3719", "ano": "2023", "numero": "62", "tipo__sigla": "OFI", "tipo__descricao": "Of\u00edcio", "autoria": "CELITA", "texto_original": "http://sapl.limeiradooeste.mg.leg.br/media/sapl/public/materialegislativa/2023/3719/of62-2023-gpc.pdf", "ementa": "Senhor Prefeito, encaminho o expediente aprovado na 5\u00aa R. E. realizada no dia 27 de mar\u00e7o."}, {"id": "3720", "ano": "2023", "numero": "63", "tipo__sigla": "OFI", "tipo__descricao": "Of\u00edcio", "autoria": "EBERTON SUINO", "texto_original": "http://sapl.limeiradooeste.mg.leg.br/media/sapl/public/materialegislativa/2023/3720/of63-2023-vcm-eberton.pdf", "ementa": "Senhor Prefeito e Senhor \u00c9der Aguiar, vimos por este solicitar a disponibiliza\u00e7\u00e3o de uma ambul\u00e2ncia, com os devidos profissionais para acompanhar o evento do dia 01/04/2023 a partir das 19 horas."}, {"id": "3721", "ano": "2023", "numero": "64", "tipo__sigla": "OFI", "tipo__descricao": "Of\u00edcio", "autoria": "EBERTON SUINO", "texto_original": "http://sapl.limeiradooeste.mg.leg.br/media/sapl/public/materialegislativa/2023/3721/of64-eberton-prefeito-banheiros_praca_amador_jose_de_queiroz.pdf", "ementa": "Senhor Prefeito, Tendo em vista que foi encaminhado ao Executivo a Indica\u00e7\u00e3o no\r\n002/2021 e o Of\u00edcio no 161/2022 (c\u00f3pias anexas), venho respeitosamente solicitar\r\nque seja informado o que j\u00e1 foi feito para que se concretize o pedido de constru\u00e7\u00e3o\r\nde ponto de \u00f4nibus com banheiros na Pra\u00e7a Amador Jos\u00e9 de Queiroz, que inclusive\r\ndestinei um montante de R$ 23.071,06 para ser utilizado nessa obra."}, {"id": "3722", "ano": "2023", "numero": "65", "tipo__sigla": "OFI", "tipo__descricao": "Of\u00edcio", "autoria": "TIA LAINY", "texto_original": "http://sapl.limeiradooeste.mg.leg.br/media/sapl/public/materialegislativa/2023/3722/of65-2023-vcm-raul.pdf", "ementa": "Senhor Raul Bel\u00e9m, Deputado Estadual, Solicitamos que sejam enviados recursos financeiros para aquisi\u00e7\u00e3o de um ve\u00edculo adaptado (com elevador de acessibilidade) que ser\u00e1 destinado para atender aos grupos priorit\u00e1rios que possuem dificuldade de locomo\u00e7\u00e3o, como por\r\nexemplo o grupo da \u201cmelhor idade\u201d."}, {"id": "3723", "ano": "2023", "numero": "66", "tipo__sigla": "OFI", "tipo__descricao": "Of\u00edcio", "autoria": "TIA LAINY", "texto_original": "http://sapl.limeiradooeste.mg.leg.br/media/sapl/public/materialegislativa/2023/3723/of66-2023-vcm-mauricio.pdf", "ementa": "Senhor Maur\u00edcio do v\u00f4lei, Deputado Federal, Venho por este solicitar a provid\u00eancias para a destina\u00e7\u00e3o de verba para a cobertura da \u201cQuadra da Lojinha\u201d \u2014 Comunidade S\u00e3o Jos\u00e9."}, {"id": "3724", "ano": "2023", "numero": "67", "tipo__sigla": "OFI", "tipo__descricao": "Of\u00edcio", "autoria": "EBERTON SUINO", "texto_original": "http://sapl.limeiradooeste.mg.leg.br/media/sapl/public/materialegislativa/2023/3724/of67-2023-vcm-.pdf", "ementa": "Senhor Prefeito, Considerando o teor da Indica\u00e7\u00e3o no 014/2021 (anexa) que solicitou a\r\nimplanta\u00e7\u00e3o de rotat\u00f3rias em alguns cruzamentos, venho por este refor\u00e7ar a solicita\u00e7\u00e3o e ainda propor sinaliza\u00e7\u00e3o ou constru\u00e7\u00e3o de rotat\u00f3ria no cruzamento da Avenida Bahia com a Rua Jos\u00e9 Florindo de Queiroz e Avenida \u00c9lcio de Souza, visto a grande necessidade de organizar o tr\u00e2nsito naquele local."}, {"id": "3725", "ano": "2023", "numero": "68", "tipo__sigla": "OFI", "tipo__descricao": "Of\u00edcio", "autoria": "CELITA", "texto_original": "http://sapl.limeiradooeste.mg.leg.br/media/sapl/public/materialegislativa/2023/3725/of68-2023-vcm-emendatialainy.pdf", "ementa": "Senhor Prefeito, encaminho anexa a tabela com a destina\u00e7\u00e3o da emenda impositiva da Vereadora Elainy."}, {"id": "3726", "ano": "2023", "numero": "69", "tipo__sigla": "OFI", "tipo__descricao": "Of\u00edcio", "autoria": "CELITA", "texto_original": "http://sapl.limeiradooeste.mg.leg.br/media/sapl/public/materialegislativa/2023/3726/of69-2023-gpc-hideraldo-arismig.pdf", "ementa": "Senhor Hideraldo H. Silva, Presidente ARISMIG, solicito uma reuni\u00e3o virtual no dia 03 de abril \u00e0s 9 horas para tratarmos sobre o Projeto de Lei Ordin\u00e1ria 06/2023."}, {"id": "3727", "ano": "2023", "numero": "70", "tipo__sigla": "OFI", "tipo__descricao": "Of\u00edcio", "autoria": "CELITA", "texto_original": "http://sapl.limeiradooeste.mg.leg.br/media/sapl/public/materialegislativa/2023/3727/of70-2023-gpc-celita-emenda-antonio.pdf", "ementa": "Senhor Prefeito, Encaminho anexa a tabela com a destina\u00e7\u00e3o da emenda impositiva do\r\nVereador Ant\u00f4nio Luiz dos Santos."}, {"id": "3728", "ano": "2023", "numero": "71", "tipo__sigla": "OFI", "tipo__descricao": "Of\u00edcio", "autoria": "DUNGA, JUNINHO DA FARMACIA, TIA LAINY", "texto_original": "http://sapl.limeiradooeste.mg.leg.br/media/sapl/public/materialegislativa/2023/3728/of71-2023-celcimar-elainy-mauricio_junior-rua_da_crianca.pdf", "ementa": "Senhor Prefeito, Vimos por este encaminhar o Projeto \u201cRua da Crian\u00e7a \u2013 Lazer e\r\nInteratividades\u201d com suas diretrizes para execu\u00e7\u00e3o neste Munic\u00edpio."}, {"id": "3729", "ano": "2023", "numero": "72", "tipo__sigla": "OFI", "tipo__descricao": "Of\u00edcio", "autoria": "TIA LAINY", "texto_original": "http://sapl.limeiradooeste.mg.leg.br/media/sapl/public/materialegislativa/2023/3729/of72-2023-vcm.pdf", "ementa": "Senhor Antonio Francisco Bezerra, Secret\u00e1rio M. Obras, Venho por este solicitar a disponibiliza\u00e7\u00e3o de uma placa de \u201ctr\u00e2nsito impedido\u201d para ser utiliza na Avenida Bahia em hor\u00e1rio de entrada e sa\u00edda de alunos da Escola Estadual Izoldino Soares de Freitas, visto que devido \u00e0 grande movimenta\u00e7\u00e3o h\u00e1 um enorme risco de acidentes."}, {"id": "3730", "ano": "2023", "numero": "73", "tipo__sigla": "OFI", "tipo__descricao": "Of\u00edcio", "autoria": "CELITA", "texto_original": "http://sapl.limeiradooeste.mg.leg.br/media/sapl/public/materialegislativa/2023/3730/of73-2023-vcm.pdf", "ementa": "Senhor Prefeito, encaminho o expediente aprovado na 6\u00aa R. O. realizada no dia 03 de abril."}, {"id": "3731", "ano": "2023", "numero": "74", "tipo__sigla": "OFI", "tipo__descricao": "Of\u00edcio", "autoria": "CELITA", "texto_original": "http://sapl.limeiradooeste.mg.leg.br/media/sapl/public/materialegislativa/2023/3731/of74-2023-vcm.pdf", "ementa": "Senhor Prefeito, encaminho anexa a tabela com destina\u00e7\u00e3o da emenda impositiva do Vereador Ailto."}, {"id": "3732", "ano": "2023", "numero": "75", "tipo__sigla": "OFI", "tipo__descricao": "Of\u00edcio", "autoria": "CELITA", "texto_original": "http://sapl.limeiradooeste.mg.leg.br/media/sapl/public/materialegislativa/2023/3732/of75-2023-vcm.pdf", "ementa": "Senhor Prefeito, venho requisitar a 4\u00aa parcela do Duod\u00e9cimo, referente ao m\u00eas de abril."}, {"id": "3733", "ano": "2023", "numero": "76", "tipo__sigla": "OFI", "tipo__descricao": "Of\u00edcio", "autoria": "CELITA, EBERTON SUINO, JUNINHO DA FARMACIA, TI\u00c3O ARARA, WILLIAM BOZZA", "texto_original": "http://sapl.limeiradooeste.mg.leg.br/media/sapl/public/materialegislativa/2023/3733/of76-2023-vcm-celita-eberton-william-sebastao-mauricio-zesilva.pdf", "ementa": "Senhor Z\u00e9 Silva, Deputado Federal, Vimos por este solicitar a destina\u00e7\u00e3o de recursos financeiros para aquisi\u00e7\u00e3o de um trator agr\u00edcola de 100 CV, uma ensiladeira \u00e1rea total, uma carreta basculante e outros implementos, objetivando o atendimento de demanda da\r\nAssocia\u00e7\u00e3o dos Agrossilvicultores de Limeira do Oeste, com a finalidade de atendimento dos produtores promovendo o crescimento social e econ\u00f4mico das fam\u00edlias beneficiadas."}, {"id": "3734", "ano": "2023", "numero": "77", "tipo__sigla": "OFI", "tipo__descricao": "Of\u00edcio", "autoria": "CELITA", "texto_original": "http://sapl.limeiradooeste.mg.leg.br/media/sapl/public/materialegislativa/2023/3734/of77-2023-vcm.pdf", "ementa": "Senhor Prefeito, encaminho documentos cont\u00e1beis referente a compet\u00eancia de mar\u00e7o de 2023."}, {"id": "3735", "ano": "2023", "numero": "78", "tipo__sigla": "OFI", "tipo__descricao": "Of\u00edcio", "autoria": "AILTO MORAES, ANTONIO LUIZ, CELITA, DUNGA, EBERTON SUINO, JUNINHO DA FARMACIA, TIA LAINY, TI\u00c3O ARARA, WILLIAM BOZZA", "texto_original": "http://sapl.limeiradooeste.mg.leg.br/media/sapl/public/materialegislativa/2023/3735/of78-2023-vcm.pdf", "ementa": "Senhor Prefeito, solicitamos a constru\u00e7\u00e3o de uma faixa elevada para travessia de pedestres, nos dois sentidos da Avenida Tocantins, em frente a Escola Municipal Maria Tonini da Silva."}, {"id": "3736", "ano": "2023", "numero": "79", "tipo__sigla": "OFI", "tipo__descricao": "Of\u00edcio", "autoria": "CELITA", "texto_original": "http://sapl.limeiradooeste.mg.leg.br/media/sapl/public/materialegislativa/2023/3736/of79-2023-vcm.pdf", "ementa": "Senhor Prefeito, Em resposta ao Of\u00edcio no 98/2023-GP informo que a ata referente a\r\nessa reuni\u00e3o ser\u00e1 lida, discutida e aprovada na pr\u00f3xima reuni\u00e3o desta Casa e ser\u00e1\r\nencaminhada junto ao expediente da mesma."}, {"id": "3737", "ano": "2023", "numero": "80", "tipo__sigla": "OFI", "tipo__descricao": "Of\u00edcio", "autoria": "CELITA", "texto_original": "http://sapl.limeiradooeste.mg.leg.br/media/sapl/public/materialegislativa/2023/3737/of80-2023-gpc-celita-projleiord07-incineracaodoc.pdf", "ementa": "Senhor Prefeito, Tendo em vista a tramita\u00e7\u00e3o do Projeto de Lei Ordin\u00e1ria no 07/2028, os Vereadores sugeriram a contrata\u00e7\u00e3o de uma empresa para o arquivamento digital desses documentos, visto que h\u00e1 muitos que n\u00e3o podem ser eliminados."}, {"id": "3738", "ano": "2023", "numero": "81", "tipo__sigla": "OFI", "tipo__descricao": "Of\u00edcio", "autoria": "CELITA", "texto_original": "http://sapl.limeiradooeste.mg.leg.br/media/sapl/public/materialegislativa/2023/3738/of81-2023-gpc.pdf", "ementa": "Senhor Prefeito, encaminho tabela com a destina\u00e7\u00e3o da emenda impositiva do Vereador Maur\u00edcio da Silva J\u00fanior."}, {"id": "3739", "ano": "2023", "numero": "82", "tipo__sigla": "OFI", "tipo__descricao": "Of\u00edcio", "autoria": "CELITA", "texto_original": "http://sapl.limeiradooeste.mg.leg.br/media/sapl/public/materialegislativa/2023/3739/of82-2023-gpc.pdf", "ementa": "Senhor Prefeito, encaminho o expediente aprovado na 7\u00aa R O realizada no dia 17 de abril."}, {"id": "3740", "ano": "2023", "numero": "83", "tipo__sigla": "OFI", "tipo__descricao": "Of\u00edcio", "autoria": "AILTO MORAES", "texto_original": "http://sapl.limeiradooeste.mg.leg.br/media/sapl/public/materialegislativa/2023/3740/of83-2023-vcm.pdf", "ementa": "Senhor Prefeito, solicito que seja disponibilizado \u00e0 popula\u00e7\u00e3o limeirense \u00f4nibus para os shows na cidade de Carneirinho, como costumeiramente \u00e9 feito, nos dias 19 a 22 de abril."}, {"id": "3741", "ano": "2023", "numero": "84", "tipo__sigla": "OFI", "tipo__descricao": "Of\u00edcio", "autoria": "CELITA", "texto_original": "http://sapl.limeiradooeste.mg.leg.br/media/sapl/public/materialegislativa/2023/3741/of84-2023-gpc.pdf", "ementa": "Senhor Prefeito, pe\u00e7o que seja informado se houve a formaliza\u00e7\u00e3o de termo aditivo ou se foi conclu\u00eddo o servi\u00e7o de organiza\u00e7\u00e3o e digitaliza\u00e7\u00e3o dos documentos p\u00fablicos."}, {"id": "3749", "ano": "2023", "numero": "85", "tipo__sigla": "OFI", "tipo__descricao": "Of\u00edcio", "autoria": "TI\u00c3O ARARA", "texto_original": "http://sapl.limeiradooeste.mg.leg.br/media/sapl/public/materialegislativa/2023/3749/of85-2023-vcm.pdf", "ementa": "Senhor Ant\u00f4nio F. Bezerra, venho respeitosamente solicitar o empr\u00e9stimo do palco de propriedade do Munic\u00edpio, para que se desenvolvam as apresenta\u00e7\u00f5es."}, {"id": "3750", "ano": "2023", "numero": "86", "tipo__sigla": "OFI", "tipo__descricao": "Of\u00edcio", "autoria": "TI\u00c3O ARARA", "texto_original": "http://sapl.limeiradooeste.mg.leg.br/media/sapl/public/materialegislativa/2023/3750/of86-2023-vcm.pdf", "ementa": "Senhor Elizo Alberto N. Silva, Secret\u00e1rio M. Estradas, venho por este solicitar que seja feita a limpeza, patrolamento e irriga\u00e7\u00e3o da estrada e do entorno do \u201cbarrac\u00e3o\u201d."}, {"id": "3751", "ano": "2023", "numero": "87", "tipo__sigla": "OFI", "tipo__descricao": "Of\u00edcio", "autoria": "TI\u00c3O ARARA", "texto_original": "http://sapl.limeiradooeste.mg.leg.br/media/sapl/public/materialegislativa/2023/3751/of87-2023-vcm.pdf", "ementa": "Senhor Eder A. Teixeira, Secret\u00e1rio M. Sa\u00fade, venho por este solicitar o empr\u00e9stimo de uma tenda para as festividades em quest\u00e3o."}, {"id": "3752", "ano": "2023", "numero": "88", "tipo__sigla": "OFI", "tipo__descricao": "Of\u00edcio", "autoria": "CELITA", "texto_original": "http://sapl.limeiradooeste.mg.leg.br/media/sapl/public/materialegislativa/2023/3752/of88-2023-vcm.pdf", "ementa": "Senhor Prefeito, Conforme solicita\u00e7\u00e3o contida no Of\u00edcio n\u00ba 112/2023-GP, devolvo a Vossa Excel\u00eancia o Projeto de Lei n\u00ba 58/2022, que: \u201cDISP\u00d5E SOBRE O SERVI\u00c7O FUNER\u00c1RIO, E D\u00c1 OUTRAS PROVID\u00caNCIAS.\u201d"}, {"id": "3753", "ano": "2023", "numero": "89", "tipo__sigla": "OFI", "tipo__descricao": "Of\u00edcio", "autoria": "CELITA", "texto_original": "http://sapl.limeiradooeste.mg.leg.br/media/sapl/public/materialegislativa/2023/3753/of89-2023-vcm.pdf", "ementa": "Senhor Prefeito, encaminho expediente aprovado na 8\u00aa R. O. realizada no dia 02 de maio de 2023."}, {"id": "3754", "ano": "2023", "numero": "90", "tipo__sigla": "OFI", "tipo__descricao": "Of\u00edcio", "autoria": "CELITA", "texto_original": "http://sapl.limeiradooeste.mg.leg.br/media/sapl/public/materialegislativa/2023/3754/of90-2023-vcm.pdf", "ementa": "Senhor Prefeito, solicito que determine provid\u00eancias necess\u00e1rias para tapar o buraco na Avenida Dom Jos\u00e9 entre as Ruas Brasil e Pernambuco."}, {"id": "3755", "ano": "2023", "numero": "91", "tipo__sigla": "OFI", "tipo__descricao": "Of\u00edcio", "autoria": "CELITA", "texto_original": "http://sapl.limeiradooeste.mg.leg.br/media/sapl/public/materialegislativa/2023/3755/of91-2023-gpc.pdf", "ementa": "Senhor Prefeito, venho requisitar a 5\u00aa parcela do Duod\u00e9cimo, referente ao m\u00eas de maio de 2023."}, {"id": "3760", "ano": "2023", "numero": "92", "tipo__sigla": "OFI", "tipo__descricao": "Of\u00edcio", "autoria": "TI\u00c3O ARARA", "texto_original": "http://sapl.limeiradooeste.mg.leg.br/media/sapl/public/materialegislativa/2023/3760/of92-2023-gpc.pdf", "ementa": "Senhor Prefeito, solicito que seja disponibilizado \u00e0 popula\u00e7\u00e3o limeirense \u00f4nibus para participar das comemora\u00e7\u00f5es do 37\u00b0 Anivers\u00e1rio da Comunidade do Barreiro - PA Iturama, que se realizar\u00e1 no dia 06 de maio."}, {"id": "3761", "ano": "2023", "numero": "93", "tipo__sigla": "OFI", "tipo__descricao": "Of\u00edcio", "autoria": "CELITA, DUNGA, EBERTON SUINO, JUNINHO DA FARMACIA, TI\u00c3O ARARA, WILLIAM BOZZA", "texto_original": "http://sapl.limeiradooeste.mg.leg.br/media/sapl/public/materialegislativa/2023/3761/of93-2023_-_agendamento_reuniao_cef_-programa_habitacional_-_ze_silva.pdf", "ementa": "Senhor Z\u00e9 Silva, Deputado Federal, Vimos, nesta oportunidade, solicitar que Vossa Excel\u00eancia interceda junto ao setor competente da Caixa Econ\u00f4mica Federal (Cihar/bhz), sediada em Belo Horizonte/MG, para agendamento de uma reuni\u00e3o para discuss\u00e3o da possibilidade de reavalia\u00e7\u00e3o dos im\u00f3veis de Limeira do Oeste, objetos do processo habitacional NUM SIPOI 35460."}, {"id": "3762", "ano": "2023", "numero": "94", "tipo__sigla": "OFI", "tipo__descricao": "Of\u00edcio", "autoria": "TIA LAINY", "texto_original": "http://sapl.limeiradooeste.mg.leg.br/media/sapl/public/materialegislativa/2023/3762/of94-2023-vcm.pdf", "ementa": "Senhor Prefeito, Venho respeitosamente solicitar que seja feita a manuten\u00e7\u00e3o do cemit\u00e9rio."}, {"id": "3763", "ano": "2023", "numero": "95", "tipo__sigla": "OFI", "tipo__descricao": "Of\u00edcio", "autoria": "TIA LAINY", "texto_original": "http://sapl.limeiradooeste.mg.leg.br/media/sapl/public/materialegislativa/2023/3763/of95-2023-vcm.pdf", "ementa": "Senhor Prefeito, Diante de muitas reclama\u00e7\u00f5es, inclusive de pessoas que tiveram acidentes, venho respeitosamente solicitar que seja verificado o motivo de tantos fios arrebentados pendentes dos postes e que ficam nas ruas e cal\u00e7adas."}, {"id": "3776", "ano": "2023", "numero": "96", "tipo__sigla": "OFI", "tipo__descricao": "Of\u00edcio", "autoria": "CELITA", "texto_original": "http://sapl.limeiradooeste.mg.leg.br/media/sapl/public/materialegislativa/2023/3776/of96-2023-vcm-comunicacao_veto.pdf", "ementa": "Senhor Prefeito, Encaminho o expediente aprovado na 9\u00aa Reuni\u00e3o Ordin\u00e1ria realizada no dia 15 de maio do corrente ano:"}, {"id": "3777", "ano": "2023", "numero": "97", "tipo__sigla": "OFI", "tipo__descricao": "Of\u00edcio", "autoria": "CELITA", "texto_original": "http://sapl.limeiradooeste.mg.leg.br/media/sapl/public/materialegislativa/2023/3777/of97-2023-gpc.pdf", "ementa": "Senhor Prefeito, Encaminho o expediente aprovado na 6\u00aa Reuni\u00e3o Extraordin\u00e1ria realizada neste dia:"}, {"id": "3783", "ano": "2023", "numero": "98", "tipo__sigla": "OFI", "tipo__descricao": "Of\u00edcio", "autoria": "CELITA", "texto_original": "http://sapl.limeiradooeste.mg.leg.br/media/sapl/public/materialegislativa/2023/3783/of98-2023-gpc.pdf", "ementa": "Senhor Prefeito, encaminho documentos cont\u00e1beis referente \u00e0 compet\u00eancia de abril de 2023."}, {"id": "3784", "ano": "2023", "numero": "99", "tipo__sigla": "OFI", "tipo__descricao": "Of\u00edcio", "autoria": "AILTO MORAES, ANTONIO LUIZ, CELITA, DUNGA, EBERTON SUINO, JUNINHO DA FARMACIA, TIA LAINY, TI\u00c3O ARARA, WILLIAM BOZZA", "texto_original": "http://sapl.limeiradooeste.mg.leg.br/media/sapl/public/materialegislativa/2023/3784/of99-2023-vcm.pdf", "ementa": "Senhor Prefeito, diante da reincid\u00eancia de acidentes em curto espa\u00e7o de tempo no cruzamento da Avenida Bahia com a Rua Amazonas, pedimos em regime de urg\u00eancia que sejam tomadas medidas para preven\u00e7\u00e3o de acidentes no local."}, {"id": "3785", "ano": "2023", "numero": "100", "tipo__sigla": "OFI", "tipo__descricao": "Of\u00edcio", "autoria": "AILTO MORAES, ANTONIO LUIZ, CELITA, DUNGA, EBERTON SUINO, JUNINHO DA FARMACIA, TIA LAINY, TI\u00c3O ARARA, WILLIAM BOZZA", "texto_original": "http://sapl.limeiradooeste.mg.leg.br/media/sapl/public/materialegislativa/2023/3785/of100-2023-vcm.pdf", "ementa": "Senhor Prefeito, solicitamos que sejam tomadas medidas urgentes em rela\u00e7\u00e3o \u00e0 seguran\u00e7a para que sejam evitados acidentes graves, na pra\u00e7a localizada no cruzamento das Avenidas Tocantis e Vereador Ant\u00f4nio Policarpo Garcia."}, {"id": "3786", "ano": "2023", "numero": "101", "tipo__sigla": "OFI", "tipo__descricao": "Of\u00edcio", "autoria": "AILTO MORAES, EBERTON SUINO, JUNINHO DA FARMACIA", "texto_original": "http://sapl.limeiradooeste.mg.leg.br/media/sapl/public/materialegislativa/2023/3786/of101-2023-vcm.pdf", "ementa": "Senhor Prefeito, vimos por este solicitar que sejam regulamentados todos os pontos/paradas de \u00f4nibus de nossa cidade, e ainda de saber sobre a constru\u00e7\u00e3o dos mesmos conforme j\u00e1 discutido em reuni\u00e3o."}, {"id": "3787", "ano": "2023", "numero": "102", "tipo__sigla": "OFI", "tipo__descricao": "Of\u00edcio", "autoria": "CELITA, TIA LAINY", "texto_original": "http://sapl.limeiradooeste.mg.leg.br/media/sapl/public/materialegislativa/2023/3787/of102-2023-vcm.pdf", "ementa": "Senhor Prefeito, tendo em vista a parceria firmada entre o Executivo e o Projeto\r\nParlamento Jovem de Minas 2023, aderido por esta C\u00e2mara Municipal, vimos por\r\neste solicitar transporte para a \u201cOficina Cultural\u201d que ocorrer\u00e1 na cidade de Araguari-\r\nMG, no dia 22 do corrente m\u00eas."}, {"id": "3788", "ano": "2023", "numero": "103", "tipo__sigla": "OFI", "tipo__descricao": "Of\u00edcio", "autoria": "CELITA", "texto_original": "http://sapl.limeiradooeste.mg.leg.br/media/sapl/public/materialegislativa/2023/3788/of103-2023-gpc.pdf", "ementa": "Senhor Prefeito, venho requisitar a 6\u00aa parcela do duod\u00e9cimo, referente ao m\u00eas de junho de 2023."}, {"id": "3793", "ano": "2023", "numero": "104", "tipo__sigla": "OFI", "tipo__descricao": "Of\u00edcio", "autoria": "CELITA", "texto_original": "http://sapl.limeiradooeste.mg.leg.br/media/sapl/public/materialegislativa/2023/3793/of104-2023-gpc.pdf", "ementa": "Senhor Prefeito, Encaminho abaixo relacionado o expediente aprovado na 10\u00aa Reuni\u00e3o Ordin\u00e1ria realizada no dia 05 de junho do corrente ano:"}, {"id": "3794", "ano": "2023", "numero": "105", "tipo__sigla": "OFI", "tipo__descricao": "Of\u00edcio", "autoria": "CELITA", "texto_original": "http://sapl.limeiradooeste.mg.leg.br/media/sapl/public/materialegislativa/2023/3794/of105-2023-gpc.pdf", "ementa": "Senhor Prefeito, Tendo em vista a tramita\u00e7\u00e3o do PROJETO DE LEI ORDIN\u00c1RIA n\u00ba 16, em nome de todos os Vereadores, solicitar que seja enviada a esta Casa o projeto arquitet\u00f4nico da futura obra."}, {"id": "3795", "ano": "2023", "numero": "106", "tipo__sigla": "OFI", "tipo__descricao": "Of\u00edcio", "autoria": "CELITA", "texto_original": "http://sapl.limeiradooeste.mg.leg.br/media/sapl/public/materialegislativa/2023/3795/of106-2023-gpc.pdf", "ementa": "Senhor Prefeito, Encaminho anexa a Lei n\u00ba 1033, de 19 de maio de 2023 por mim promulgada para as provid\u00eancias necess\u00e1rias."}, {"id": "3796", "ano": "2023", "numero": "107", "tipo__sigla": "OFI", "tipo__descricao": "Of\u00edcio", "autoria": "CELITA", "texto_original": "http://sapl.limeiradooeste.mg.leg.br/media/sapl/public/materialegislativa/2023/3796/of107-2023-gpc.pdf", "ementa": "Senhor Prefeito, Conforme solicita\u00e7\u00e3o contida no Of\u00edcio n\u00ba 147/2023-GP, devolvo a Vossa Excel\u00eancia o Projeto de Lei n\u00ba 18/2023."}, {"id": "3797", "ano": "2023", "numero": "108", "tipo__sigla": "OFI", "tipo__descricao": "Of\u00edcio", "autoria": "", "texto_original": "http://sapl.limeiradooeste.mg.leg.br/media/sapl/public/materialegislativa/2023/3797/of108-tialainy-prefeito_-_guinchohospitalar.pdf", "ementa": "Senhor Prefeito, solicito a compra de um guincho para acamados, tamb\u00e9m conhecido como elevador individual ou guincho de transfer\u00eancia, \u00e9 um aparelho desenvolvido para auxiliar a transfer\u00eancia de pessoas com mobilidade reduzida por conta de doen\u00e7as ou defici\u00eancias f\u00edsicas, al\u00e9m de idosos e obesos."}, {"id": "3798", "ano": "2023", "numero": "109", "tipo__sigla": "OFI", "tipo__descricao": "Of\u00edcio", "autoria": "TIA LAINY", "texto_original": "http://sapl.limeiradooeste.mg.leg.br/media/sapl/public/materialegislativa/2023/3798/of109-2023-vcm-tialainy-zevitorverso.pdf", "ementa": "Senho Z\u00e9 Vitor, Deputado Federal, Como Vereadora e Coordenadora do PJ, solicito o agendamento de uma visita com os jovens do Parlamento Jovem da C\u00e2mara de Limeira do Oeste/MG, para o encontro com o tema: \u201cJovens no mercado de trabalho\u201d, para o m\u00eas de julho de 2023."}, {"id": "3802", "ano": "2023", "numero": "110", "tipo__sigla": "OFI", "tipo__descricao": "Of\u00edcio", "autoria": "CELITA", "texto_original": "http://sapl.limeiradooeste.mg.leg.br/media/sapl/public/materialegislativa/2023/3802/of110-2023-gpc-exp11aro.pdf", "ementa": "Senhor Prefeito, encaminho o expediente aprovado na 11\u00aa RO, realizada no dia 19 de junho de 2023."}, {"id": "3803", "ano": "2023", "numero": "111", "tipo__sigla": "OFI", "tipo__descricao": "Of\u00edcio", "autoria": "EBERTON SUINO", "texto_original": "http://sapl.limeiradooeste.mg.leg.br/media/sapl/public/materialegislativa/2023/3803/of111-2023-gpc-eberton-prefeito.pdf", "ementa": "Senhor Prefeito e Senhor Secret\u00e1rio de Sa\u00fade, solicito a disponibiliza\u00e7\u00e3o de uma ambul\u00e2ncia, com os devidos profissionais para acompanhar o rodeio de um dia, no dia 07 de agosto do corrente ano a partir das 15 horas no P A Reserva, est\u00e2ncia JFG."}, {"id": "3804", "ano": "2023", "numero": "112", "tipo__sigla": "OFI", "tipo__descricao": "Of\u00edcio", "autoria": "AILTO MORAES", "texto_original": "http://sapl.limeiradooeste.mg.leg.br/media/sapl/public/materialegislativa/2023/3804/of112-2023-gpc-ailto-prefeito.pdf", "ementa": "Visando o cumprimento da norma em debate, o Vereador ao final assinado, vem requerer esclarecimento referente ao pagamento de valores superiores ao da Lei Complementar n\u00ba 99/2023, e caso, caso realmente tenha havido esse erro, vem solicitar a imediata corre\u00e7\u00e3o, bem como a repara\u00e7\u00e3o ao er\u00e1rio municipal."}, {"id": "3805", "ano": "2023", "numero": "113", "tipo__sigla": "OFI", "tipo__descricao": "Of\u00edcio", "autoria": "CELITA", "texto_original": "http://sapl.limeiradooeste.mg.leg.br/media/sapl/public/materialegislativa/2023/3805/of113-2023-gpc-contabilidade.pdf", "ementa": "Senhor Prefeito, encaminho documentos cont\u00e1beis referente \u00e0 compet\u00eancia de maio de 2023."}, {"id": "3809", "ano": "2023", "numero": "114", "tipo__sigla": "OFI", "tipo__descricao": "Of\u00edcio", "autoria": "CELITA", "texto_original": "http://sapl.limeiradooeste.mg.leg.br/media/sapl/public/materialegislativa/2023/3809/114-2023.pdf", "ementa": "Senhor Prefeito, venho requisitar a 7\u00aa parcela do Duod\u00e9cimo, referente ao m\u00eas de julho de 2023."}, {"id": "3811", "ano": "2023", "numero": "115", "tipo__sigla": "OFI", "tipo__descricao": "Of\u00edcio", "autoria": "CELITA", "texto_original": "http://sapl.limeiradooeste.mg.leg.br/media/sapl/public/materialegislativa/2023/3811/115-2023.pdf", "ementa": "Senhor Prefeito, encaminho expediente aprovado na 12\u00aa R O realizada no dia 03 de julho de 2023."}, {"id": "3812", "ano": "2023", "numero": "116", "tipo__sigla": "OFI", "tipo__descricao": "Of\u00edcio", "autoria": "JUNINHO DA FARMACIA", "texto_original": "http://sapl.limeiradooeste.mg.leg.br/media/sapl/public/materialegislativa/2023/3812/116-2023.pdf", "ementa": "Senhor Prefeito e Senhor Secret\u00e1rio de Estradas, solicitamos provid\u00eancias para a quebra do barranco na estrada 080 (Sebasti\u00e3o Fonseca Barcelos), pr\u00f3ximo ao C\u00f3rrego do Chap\u00e9u (Vandico)."}, {"id": "3813", "ano": "2023", "numero": "117", "tipo__sigla": "OFI", "tipo__descricao": "Of\u00edcio", "autoria": "JUNINHO DA FARMACIA", "texto_original": "http://sapl.limeiradooeste.mg.leg.br/media/sapl/public/materialegislativa/2023/3813/117-2023.pdf", "ementa": "Senhor Prefeito e Senhor Secret\u00e1rio Municipal de Educa\u00e7\u00e3o, Em visita \u00e0 Escola Municipal Maria Tonini da Silva, verifiquei que as aulas de Educa\u00e7\u00e3o F\u00edsica s\u00e3o ministradas no jardim/gramado, ao relento."}, {"id": "3814", "ano": "2023", "numero": "118", "tipo__sigla": "OFI", "tipo__descricao": "Of\u00edcio", "autoria": "JUNINHO DA FARMACIA", "texto_original": "http://sapl.limeiradooeste.mg.leg.br/media/sapl/public/materialegislativa/2023/3814/118-2023.pdf", "ementa": "Senhor Prefeito, Solicitamos que seja feita a constru\u00e7\u00e3o e reestrutura\u00e7\u00e3o da ponte conhecida como \"Jo\u00e3o Carmelo\", localizada pr\u00f3ximo ao latic\u00ednio do \"Queijeiro\", em concreto, visto que h\u00e1 um intenso tr\u00e1fego de ve\u00edculos de grande porte."}, {"id": "3815", "ano": "2023", "numero": "119", "tipo__sigla": "OFI", "tipo__descricao": "Of\u00edcio", "autoria": "DUNGA", "texto_original": "http://sapl.limeiradooeste.mg.leg.br/media/", "ementa": "Solicitamos que busquem informa\u00e7\u00f5es do Tribunal de Justi\u00e7a de Minas Gerais, da possibilidade de divis\u00e3o da Comarca de Iturama."}, {"id": "3816", "ano": "2023", "numero": "120", "tipo__sigla": "OFI", "tipo__descricao": "Of\u00edcio", "autoria": "CELITA", "texto_original": "http://sapl.limeiradooeste.mg.leg.br/media/sapl/public/materialegislativa/2023/3816/120-2023.pdf", "ementa": "Senhor Prefeito, encaminho documentos cont\u00e1beis referente a compet\u00eancia de junho de 2023."}, {"id": "3823", "ano": "2023", "numero": "121", "tipo__sigla": "OFI", "tipo__descricao": "Of\u00edcio", "autoria": "CELITA", "texto_original": "http://sapl.limeiradooeste.mg.leg.br/media/sapl/public/materialegislativa/2023/3823/121-2023.pdf", "ementa": "Senhor Saulo Gon\u00e7alves, Presidente do Sindicato dos Produtores Rurais de Limeira do Oeste/MG, Em aten\u00e7\u00e3o ao Of\u00edcio no 007/2023, informo que n\u00e3o existem previs\u00f5es em Lei para que esta institui\u00e7\u00e3o legislativa repasse colabora\u00e7\u00e3o a outras entidades. Assim, havendo veda\u00e7\u00e3o legal fica prejudicado o pedido de Vossa Senhoria, que n\u00e3o poder\u00e1 ser atendido."}, {"id": "3828", "ano": "2023", "numero": "122", "tipo__sigla": "OFI", "tipo__descricao": "Of\u00edcio", "autoria": "", "texto_original": "http://sapl.limeiradooeste.mg.leg.br/media/sapl/public/materialegislativa/2023/3828/of122-2023.pdf", "ementa": "Senhor Prefeito, encaminho expediente aprovado na 13\u00aa RO realizada no dia 19 de julho."}, {"id": "3829", "ano": "2023", "numero": "123", "tipo__sigla": "OFI", "tipo__descricao": "Of\u00edcio", "autoria": "", "texto_original": "http://sapl.limeiradooeste.mg.leg.br/media/sapl/public/materialegislativa/2023/3829/of123-2023-deputados-quadraesporte.pdf", "ementa": "Senhor Maur\u00edcio Luiz de Souza \u2013 Maur\u00edcio do v\u00f4lei, Senhor Z\u00e9 Silva, Senhor Z\u00e9 Vitor, Senhor\r\nWeliton Prado, Senhor Arnaldo Silva, Senhor Elismar Prado, Senhor Leon\u00eddio Bou\u00e7as, Senhor\r\nNoraldino J\u00fanior, Senhor Raul Bel\u00e9m, Senhor Professor Cleiton, Senhora Maria Clara Marra, solicitamos o vosso apoio para a destina\u00e7\u00e3o de recursos financeiros para a constru\u00e7\u00e3o de uma quadra de esportes com cobertura na escola Maria Tonini da Silva."}, {"id": "3830", "ano": "2023", "numero": "124", "tipo__sigla": "OFI", "tipo__descricao": "Of\u00edcio", "autoria": "", "texto_original": "http://sapl.limeiradooeste.mg.leg.br/media/sapl/public/materialegislativa/2023/3830/of124-2023.pdf", "ementa": "Senhor Prefeito, encaminho expediente aprovado na 7\u00aa RE realizada neste dia."}, {"id": "3831", "ano": "2023", "numero": "125", "tipo__sigla": "OFI", "tipo__descricao": "Of\u00edcio", "autoria": "", "texto_original": "http://sapl.limeiradooeste.mg.leg.br/media/sapl/public/materialegislativa/2023/3831/of125-2023.pdf", "ementa": "Senhor Prefeito, Tendo em vista a parceria firmada entre o Executivo e o Projeto Parlamento Jovem de Minas 2023, aderido por esta C\u00e2mara Municipal, vimos por este solicitar transporte para a \u201cPlen\u00e1ria Regional\u201d que ocorrer\u00e1 na cidade de Concei\u00e7\u00e3o das Alagoas-MG, no dia 10 do corrente m\u00eas."}, {"id": "3832", "ano": "2023", "numero": "126", "tipo__sigla": "OFI", "tipo__descricao": "Of\u00edcio", "autoria": "", "texto_original": "http://sapl.limeiradooeste.mg.leg.br/media/sapl/public/materialegislativa/2023/3832/of126-2023.pdf", "ementa": "Senhor Prefeito, Convidamos Vossa Excel\u00eancia e assessoria que julgar necess\u00e1ria para uma reuni\u00e3o no dia 07 do corrente m\u00eas \u00e0s 9 horas na C\u00e2mara Municipal para tratarmos sobre os sal\u00e1rios dos motoristas."}, {"id": "3836", "ano": "2023", "numero": "127", "tipo__sigla": "OFI", "tipo__descricao": "Of\u00edcio", "autoria": "JUNINHO DA FARMACIA", "texto_original": "http://sapl.limeiradooeste.mg.leg.br/media/sapl/public/materialegislativa/2023/3836/of127-2023-vcm-31regional-der.pdf", "ementa": "Ao Senhor Adrian Franco Silva, Chefe da 31\u00aa Regional - DER, Venho por este agradecer pela execu\u00e7\u00e3o dos servi\u00e7os de \u201ctapa-buraco\u201d nos trechos entre a Usina Coruripe \u2013 Filial Limeira do Oeste e a cidade de Carneirinho e entre Limeira do Oeste e a \u201centrada do Aelton\u201d que solicitei por telefone."}, {"id": "3837", "ano": "2023", "numero": "128", "tipo__sigla": "OFI", "tipo__descricao": "Of\u00edcio", "autoria": "CELITA", "texto_original": "http://sapl.limeiradooeste.mg.leg.br/media/sapl/public/materialegislativa/2023/3837/of128-2023.pdf", "ementa": "Senhor Prefeito, venho requisitar de Vossa Excel\u00eancia, a 8\u00aa (oitava) parcela do Duod\u00e9cimo, referente ao m\u00eas de agosto de 2023."}, {"id": "3838", "ano": "2023", "numero": "129", "tipo__sigla": "OFI", "tipo__descricao": "Of\u00edcio", "autoria": "CELITA", "texto_original": "http://sapl.limeiradooeste.mg.leg.br/media/sapl/public/materialegislativa/2023/3838/of129-2023.pdf", "ementa": "Senhor Prefeito, Tendo em vista os of\u00edcios n\u00ba 051/2023 \u2013 GPC e 068/2023 \u2013 GPC, solicito as seguintes retifica\u00e7\u00f5es: o item 18 deve ter sua destina\u00e7\u00e3o integral encaminhada para a realiza\u00e7\u00e3o \u201cCampeonato de Futsal Feminino representando pelo treinador Wilson Soares Barbosa\u201d; os itens 6 e 10 devem ter sua destina\u00e7\u00e3o integral encaminhada para a Escola Municipal Maria Tonini da Silva para aquisi\u00e7\u00e3o de eletrodom\u00e9sticos."}, {"id": "3839", "ano": "2023", "numero": "130", "tipo__sigla": "OFI", "tipo__descricao": "Of\u00edcio", "autoria": "CELITA", "texto_original": "http://sapl.limeiradooeste.mg.leg.br/media/sapl/public/materialegislativa/2023/3839/of130-2023.pdf", "ementa": "Senhora Divina Ferreira de Queiroz Covizzi, venho por este informar que estou indeferindo em conformidade com o parecer anexo emitido pelo Procurador desta Casa."}, {"id": "3840", "ano": "2023", "numero": "131", "tipo__sigla": "OFI", "tipo__descricao": "Of\u00edcio", "autoria": "CELITA", "texto_original": "http://sapl.limeiradooeste.mg.leg.br/media/sapl/public/materialegislativa/2023/3840/of131-2023.pdf", "ementa": "Senhora Neuza Elena Oliveira, venho por este informar que estou indeferindo em conformidade com o parecer anexo emitido pelo Procurador desta Casa, bem como pelo fato de haver reuni\u00e3o ordin\u00e1ria no dia 16."}, {"id": "3841", "ano": "2023", "numero": "132", "tipo__sigla": "OFI", "tipo__descricao": "Of\u00edcio", "autoria": "", "texto_original": "http://sapl.limeiradooeste.mg.leg.br/media/", "ementa": "N\u00e3o usado..."}, {"id": "3842", "ano": "2023", "numero": "133", "tipo__sigla": "OFI", "tipo__descricao": "Of\u00edcio", "autoria": "CELITA", "texto_original": "http://sapl.limeiradooeste.mg.leg.br/media/sapl/public/materialegislativa/2023/3842/of133-2023.pdf", "ementa": "Senhor Prefeito, Encaminho o expediente aprovado na 14\u00aa Reuni\u00e3o Ordin\u00e1ria realizada no dia 07 de agosto de 2023:"}, {"id": "3847", "ano": "2023", "numero": "134", "tipo__sigla": "OFI", "tipo__descricao": "Of\u00edcio", "autoria": "CELITA", "texto_original": "http://sapl.limeiradooeste.mg.leg.br/media/sapl/public/materialegislativa/2023/3847/of134-2023.pdf", "ementa": "Senhor Clodoaldo Gaspar, Secret\u00e1rio Educa\u00e7\u00e3o; Senhor Gilmar Vidal, Secret\u00e1rio Esporte, Lazer e Turismo; Senhor Orizon Alves, Secret\u00e1rio Cultura, venho em nome de todos os Vereadores, convid\u00e1-los para uma reuni\u00e3o no dia 09 de agosto, \u00e0s 9 horas, na C\u00e2mara Municipal, para tratarmos sobre o Projeto de Lei Ordin\u00e1ria n\u00ba 22/2023."}, {"id": "3848", "ano": "2023", "numero": "135", "tipo__sigla": "OFI", "tipo__descricao": "Of\u00edcio", "autoria": "CELITA", "texto_original": "http://sapl.limeiradooeste.mg.leg.br/media/sapl/public/materialegislativa/2023/3848/135-presidente-indicacao_membros_comissao_festa_do_peao.pdf", "ementa": "Em aten\u00e7\u00e3o \u00e0 solicita\u00e7\u00e3o contida no Of\u00edcio n\u00ba 180/2023-GP, indico os seguintes Vereadores para comporem a comiss\u00e3o de organiza\u00e7\u00e3o da 29\u00aa Festa do Pe\u00e3o de Boiadeiro: Ailto de Moraes Cavalcante e Maur\u00edcio da Silva J\u00fanior."}, {"id": "3849", "ano": "2023", "numero": "136", "tipo__sigla": "OFI", "tipo__descricao": "Of\u00edcio", "autoria": "CELITA", "texto_original": "http://sapl.limeiradooeste.mg.leg.br/media/sapl/public/materialegislativa/2023/3849/of136-2023.pdf", "ementa": "Senhor Prefeito, encaminho o expediente aprovado na 8\u00aa RE, realizada no dia 14 de agosto."}, {"id": "3852", "ano": "2023", "numero": "137", "tipo__sigla": "OFI", "tipo__descricao": "Of\u00edcio", "autoria": "DUNGA", "texto_original": "http://sapl.limeiradooeste.mg.leg.br/media/sapl/public/materialegislativa/2023/3852/of137-2023-mariaclara.pdf", "ementa": "Senhora Deputada Estadual, viabilizar recursos para aquisi\u00e7\u00e3o de mata-burros de ferro no intuito de atender \u00e0 demanda do nosso munic\u00edpio."}, {"id": "3853", "ano": "2023", "numero": "138", "tipo__sigla": "OFI", "tipo__descricao": "Of\u00edcio", "autoria": "CELITA", "texto_original": "http://sapl.limeiradooeste.mg.leg.br/media/sapl/public/materialegislativa/2023/3853/of138-2023.pdf", "ementa": "Senhor Prefeito, encaminho documentos cont\u00e1beis da C\u00e2mara Municipal referente \u00e0 compet\u00eancia de julho de 2023."}, {"id": "3854", "ano": "2023", "numero": "139", "tipo__sigla": "OFI", "tipo__descricao": "Of\u00edcio", "autoria": "CELITA", "texto_original": "http://sapl.limeiradooeste.mg.leg.br/media/sapl/public/materialegislativa/2023/3854/of139-2023.pdf", "ementa": "Senhor Prefeito, vimos por este solicitar transporte para a \u201cPlen\u00e1ria Estadual\u201d que ocorrer\u00e1 na cidade de Belo Horizonte-MG."}, {"id": "3855", "ano": "2023", "numero": "140", "tipo__sigla": "OFI", "tipo__descricao": "Of\u00edcio", "autoria": "", "texto_original": "http://sapl.limeiradooeste.mg.leg.br/media/sapl/public/materialegislativa/2023/3855/of140-2023.pdf", "ementa": "Senhora Deputada Estadual, Maria Clara, Solicitamos que sejam enviados recursos financeiros para aquisi\u00e7\u00e3o de um ve\u00edculo adaptado (com elevador de acessibilidade)."}, {"id": "3856", "ano": "2023", "numero": "141", "tipo__sigla": "OFI", "tipo__descricao": "Of\u00edcio", "autoria": "", "texto_original": "http://sapl.limeiradooeste.mg.leg.br/media/sapl/public/materialegislativa/2023/3856/of141-2023.pdf", "ementa": "Senhor Deputada Maria Clara, Vimos por este solicitar que Vossa Excel\u00eancia determine provid\u00eancias para que sejam enviadas verbas que ser\u00e3o destinadas para o recapeamento das ruas e avenidas de nossa cidade."}, {"id": "3857", "ano": "2023", "numero": "142", "tipo__sigla": "OFI", "tipo__descricao": "Of\u00edcio", "autoria": "CELITA", "texto_original": "http://sapl.limeiradooeste.mg.leg.br/media/sapl/public/materialegislativa/2023/3857/of142-2023.pdf", "ementa": "Senhor Prefeito, encaminho expediente aprovado na 15\u00aa R O realizada no dia 21 de agosto"}, {"id": "3858", "ano": "2023", "numero": "143", "tipo__sigla": "OFI", "tipo__descricao": "Of\u00edcio", "autoria": "", "texto_original": "http://sapl.limeiradooeste.mg.leg.br/media/sapl/public/materialegislativa/2023/3858/of143-2023.pdf", "ementa": "Senhor Prefeito, Faixa pedestre elevada."}, {"id": "3859", "ano": "2023", "numero": "144", "tipo__sigla": "OFI", "tipo__descricao": "Of\u00edcio", "autoria": "WILLIAM BOZZA", "texto_original": "http://sapl.limeiradooeste.mg.leg.br/media/sapl/public/materialegislativa/2023/3859/of144-2023.pdf", "ementa": "Senhor Eder Aguiar, Secret\u00e1rio M. Sa\u00fade, Venho por este solicitar a disponibiliza\u00e7\u00e3o de uma ambul\u00e2ncia, com os devidos profissionais para acompanhar o 1\u00ba Torneio Regional na Arena WL, no dia 27 de agosto do corrente ano a partir das 8 horas na Arena WL, localizada na Avenida Ant\u00f4nio Policarpo Garcia."}, {"id": "3860", "ano": "2023", "numero": "145", "tipo__sigla": "OFI", "tipo__descricao": "Of\u00edcio", "autoria": "AILTO MORAES, ANTONIO LUIZ, CELITA, DUNGA, EBERTON SUINO, JUNINHO DA FARMACIA, TIA LAINY, WILLIAM BOZZA", "texto_original": "http://sapl.limeiradooeste.mg.leg.br/media/sapl/public/materialegislativa/2023/3860/of145-2023.pdf", "ementa": "Senhor Cl\u00e1udio Dame Soler, Encarregado de sistema, Diante dos acontecimentos e v\u00e1rias reclama\u00e7\u00f5es dos moradores de nossa cidade gostar\u00edamos que fosse esclarecido o motivo pelo qual a \u00e1gua saiu t\u00e3o escura nas torneiras (\u00faltima ocorr\u00eancia nos dias 19 e 20 de agosto), conforme imagens anexas."}, {"id": "3861", "ano": "2023", "numero": "146", "tipo__sigla": "OFI", "tipo__descricao": "Of\u00edcio", "autoria": "", "texto_original": "http://sapl.limeiradooeste.mg.leg.br/media/sapl/public/materialegislativa/2023/3861/of146-2023.pdf", "ementa": "Senhor J\u00falio Cezar Caetano da Silva - Gerente Regional, Considerando v\u00e1rias reclama\u00e7\u00f5es feitas pela popula\u00e7\u00e3o sobre a falta d\u2019\u00e1gua, bem como da qualidade. Gostar\u00edamos de saber o que pode ser feito para que esses problemas sejam sanados."}, {"id": "3867", "ano": "2023", "numero": "147", "tipo__sigla": "OFI", "tipo__descricao": "Of\u00edcio", "autoria": "CELITA", "texto_original": "http://sapl.limeiradooeste.mg.leg.br/media/sapl/public/materialegislativa/2023/3867/of147-2023-prevorccamara-2024anexo.pdf", "ementa": "Senhor Prefeito, vimos encaminhar anexa a previs\u00e3o or\u00e7ament\u00e1ria para 2024."}, {"id": "3878", "ano": "2023", "numero": "148", "tipo__sigla": "OFI", "tipo__descricao": "Of\u00edcio", "autoria": "CELITA", "texto_original": "http://sapl.limeiradooeste.mg.leg.br/media/sapl/public/materialegislativa/2023/3878/of148-149-2023.pdf", "ementa": "Senhor Prefeito, venho requisitar a 9\u00aa parcela do Duod\u00e9cimo, referente ao m\u00eas de setembro de 2023."}, {"id": "3879", "ano": "2023", "numero": "149", "tipo__sigla": "OFI", "tipo__descricao": "Of\u00edcio", "autoria": "CELITA", "texto_original": "http://sapl.limeiradooeste.mg.leg.br/media/sapl/public/materialegislativa/2023/3879/of149-2023.pdf", "ementa": "Senhor Prefeito, encaminho expediente aprovado na 16\u00aa RO, realizada dia 04 de setembro."}, {"id": "3880", "ano": "2023", "numero": "150", "tipo__sigla": "OFI", "tipo__descricao": "Of\u00edcio", "autoria": "DUNGA", "texto_original": "http://sapl.limeiradooeste.mg.leg.br/media/sapl/public/materialegislativa/2023/3880/of150-2023verso.pdf", "ementa": "Senhora Deputada Estadual, Maria Clara, solicito que interceda junto aos \u00f3rg\u00e3os competentes para viabilizar recursos para aquisi\u00e7\u00e3o de uniformes para alunos da rede municipal de ensino."}, {"id": "3881", "ano": "2023", "numero": "151", "tipo__sigla": "OFI", "tipo__descricao": "Of\u00edcio", "autoria": "TIA LAINY", "texto_original": "http://sapl.limeiradooeste.mg.leg.br/media/sapl/public/materialegislativa/2023/3881/of151-2023.pdf", "ementa": "Senhor Prefeito, solicito que seja determinada a limpeza dos climatizadores do Vel\u00f3rio Municipal Onofre Dezanetti."}, {"id": "3882", "ano": "2023", "numero": "152", "tipo__sigla": "OFI", "tipo__descricao": "Of\u00edcio", "autoria": "EBERTON SUINO", "texto_original": "http://sapl.limeiradooeste.mg.leg.br/media/sapl/public/materialegislativa/2023/3882/of152-2023.pdf", "ementa": "Senhor Prefeito, solicito que seja firmada uma parceria entre o Poder Executivo e uma auto escola, no sentido de facilitar aos servidores p\u00fablicos que possam adquirir a primeira CNH, ou fazer troca de letra."}, {"id": "3891", "ano": "2023", "numero": "153", "tipo__sigla": "OFI", "tipo__descricao": "Of\u00edcio", "autoria": "", "texto_original": "http://sapl.limeiradooeste.mg.leg.br/media/sapl/public/materialegislativa/2023/3891/of153-2023-vcm-cemig.pdf", "ementa": "Senhor Hudson - CEMIG. - Vimos solicitar que sejam esclarecidos os motivos da falta de energia el\u00e9trica, bem como da oscila\u00e7\u00e3o constante na voltagem.\r\nSenhor Prefeito, Senhor Edmilson, Secret\u00e1rio de Administra\u00e7\u00e3o, Senhor Antonio Francisco, Secret\u00e1rio de Obras e Servi\u00e7os: Solicito a coloca\u00e7\u00e3o de bra\u00e7o e l\u00e2mpada no poste na Avenida da Saudade, pr\u00f3ximo a APAE."}, {"id": "3892", "ano": "2023", "numero": "154", "tipo__sigla": "OFI", "tipo__descricao": "Of\u00edcio", "autoria": "JUNINHO DA FARMACIA", "texto_original": "http://sapl.limeiradooeste.mg.leg.br/media/sapl/public/materialegislativa/2023/3892/of154-2023-vcm-juninho-william.pdf", "ementa": "Senhor Prefeito, Senhor Secret\u00e1rio Edmilson e Senhor Secret\u00e1rio Antonio Francisco, solicitamos que sejam instalados postes na Avenida 12 de setembro e Minas Gerais."}, {"id": "3897", "ano": "2023", "numero": "155", "tipo__sigla": "OFI", "tipo__descricao": "Of\u00edcio", "autoria": "CELITA", "texto_original": "http://sapl.limeiradooeste.mg.leg.br/media/sapl/public/materialegislativa/2023/3897/of155-2023-.pdf", "ementa": "Senhor Prefeito, encaminho expediente aprovado na 17\u00aa RO realizada no dia 18 de setembro."}, {"id": "3898", "ano": "2023", "numero": "156", "tipo__sigla": "OFI", "tipo__descricao": "Of\u00edcio", "autoria": "CELITA", "texto_original": "http://sapl.limeiradooeste.mg.leg.br/media/sapl/public/materialegislativa/2023/3898/of156-2023-.pdf", "ementa": "Senhor Prefeito e Senhor Controlador Interno, Roberto Euz\u00e9bio, encaminhamos anexa a previs\u00e3o or\u00e7ament\u00e1ria para 2024, com a corre\u00e7\u00e3o inflacion\u00e1ria."}, {"id": "3899", "ano": "2023", "numero": "157", "tipo__sigla": "OFI", "tipo__descricao": "Of\u00edcio", "autoria": "AILTO MORAES", "texto_original": "http://sapl.limeiradooeste.mg.leg.br/media/sapl/public/materialegislativa/2023/3899/of157-2023.pdf", "ementa": "Senhor Prefeito, solicito que providencie um local fechado e coberto para guardar os ve\u00edculos de propriedade do Poder Executivo."}, {"id": "3900", "ano": "2023", "numero": "158", "tipo__sigla": "OFI", "tipo__descricao": "Of\u00edcio", "autoria": "AILTO MORAES", "texto_original": "http://sapl.limeiradooeste.mg.leg.br/media/sapl/public/materialegislativa/2023/3900/of158-2023-ailto-maxlei.pdf", "ementa": "Senhor Maxlei Carlos Rezende, 1\u00ba Tenente, solicito que seja estudada a possibilidade de retornar o atendimento do n\u00famero 190 para o destacamento militar local."}, {"id": "3901", "ano": "2023", "numero": "159", "tipo__sigla": "OFI", "tipo__descricao": "Of\u00edcio", "autoria": "CELITA", "texto_original": "http://sapl.limeiradooeste.mg.leg.br/media/sapl/public/materialegislativa/2023/3901/of159-2023.pdf", "ementa": "Senhor Prefeito, encaminho documentos cont\u00e1beis da C\u00e2mara Municipal referente \u00e0 compet\u00eancia de agosto."}, {"id": "3902", "ano": "2023", "numero": "160", "tipo__sigla": "OFI", "tipo__descricao": "Of\u00edcio", "autoria": "CELITA", "texto_original": "http://sapl.limeiradooeste.mg.leg.br/media/sapl/public/materialegislativa/2023/3902/of160-2023.pdf", "ementa": "Senhor Prefeito, solicito que seja estudada uma maneira de disponibilizar transporte para os residentes do P. A. Reserva que n\u00e3o t\u00eam outro meio de vir at\u00e9 nossa cidade."}, {"id": "3903", "ano": "2023", "numero": "161", "tipo__sigla": "OFI", "tipo__descricao": "Of\u00edcio", "autoria": "JUNINHO DA FARMACIA", "texto_original": "http://sapl.limeiradooeste.mg.leg.br/media/sapl/public/materialegislativa/2023/3903/of161-2023.pdf", "ementa": "Senhor Ant\u00f4nio Francisco, Secret\u00e1rio de Obras e Senhor Prefeito, solicito que sejam determinadas provid\u00eancias necess\u00e1rias para a instala\u00e7\u00e3o de poste como sugerido, na Rua Peru entre as Av. Uruguai e Argentina."}, {"id": "3904", "ano": "2023", "numero": "162", "tipo__sigla": "OFI", "tipo__descricao": "Of\u00edcio", "autoria": "CELITA", "texto_original": "http://sapl.limeiradooeste.mg.leg.br/media/sapl/public/materialegislativa/2023/3904/of162-2023.pdf", "ementa": "Senhor Prefeito, conforme solicita\u00e7\u00e3o devolvo o Projeto de Lei Complementar 12/2023."}, {"id": "3905", "ano": "2023", "numero": "163", "tipo__sigla": "OFI", "tipo__descricao": "Of\u00edcio", "autoria": "JUNINHO DA FARMACIA", "texto_original": "http://sapl.limeiradooeste.mg.leg.br/media/sapl/public/materialegislativa/2023/3905/of163-2023.pdf", "ementa": "Senhor Elizo Alberto, Secret\u00e1rio de Estradas e Senhor Prefeito, solicito o reparo da ponte conhecida como \"ponte do Sinomar\", localizada na estrada da Lojinha."}, {"id": "3906", "ano": "2023", "numero": "164", "tipo__sigla": "OFI", "tipo__descricao": "Of\u00edcio", "autoria": "AILTO MORAES", "texto_original": "http://sapl.limeiradooeste.mg.leg.br/media/sapl/public/materialegislativa/2023/3906/of164-2023.pdf", "ementa": "Senhor Prefeito, Venho por este solicitar que seja avaliada a possibilidade de cess\u00e3o de quatro servidores do munic\u00edpio para atuarem junto \u00e0 Pol\u00edcia Militar no intuito de atender \u00e0s chamadas ao 190, bem como acompanharem as c\u00e2meras de monitoramento em tempo real, podendo assim ter maior efic\u00e1cia nas a\u00e7\u00f5es policiais."}, {"id": "3907", "ano": "2023", "numero": "165", "tipo__sigla": "OFI", "tipo__descricao": "Of\u00edcio", "autoria": "CELITA", "texto_original": "http://sapl.limeiradooeste.mg.leg.br/media/sapl/public/materialegislativa/2023/3907/of165-2023.pdf", "ementa": "Senhor Prefeito, venho requisitar a 10\u00aa parcela do Duod\u00e9cimo, referente ao m\u00eas de outubro."}, {"id": "3908", "ano": "2023", "numero": "166", "tipo__sigla": "OFI", "tipo__descricao": "Of\u00edcio", "autoria": "TIA LAINY", "texto_original": "http://sapl.limeiradooeste.mg.leg.br/media/sapl/public/materialegislativa/2023/3908/of166-2023.pdf", "ementa": "Senhor Elizo Alberto, Secret\u00e1rio de Estradas e Senhor Prefeito, Tendo em vista algumas reclama\u00e7\u00f5es de moradores, solicitamos que sejam tapados os buracos, feito o escoamento da \u00e1gua que empo\u00e7a na estrada,bem como o reparo de todo o trecho entre a Comunidade e a ponte do \u201cJuca Sab\u00e3o\u201d."}, {"id": "3917", "ano": "2023", "numero": "167", "tipo__sigla": "OFI", "tipo__descricao": "Of\u00edcio", "autoria": "CELITA", "texto_original": "http://sapl.limeiradooeste.mg.leg.br/media/sapl/public/materialegislativa/2023/3917/of167-2023.pdf", "ementa": "Senhor Prefeito, encaminho expediente aprovado na 18\u00aa R.O. realizada dia 02 de outubro."}, {"id": "3918", "ano": "2023", "numero": "168", "tipo__sigla": "OFI", "tipo__descricao": "Of\u00edcio", "autoria": "CELITA", "texto_original": "http://sapl.limeiradooeste.mg.leg.br/media/sapl/public/materialegislativa/2023/3918/of168-2023.pdf", "ementa": "Senhor Maxlei Carlos Rezende, 1\u00ba Ten. PM, informo que foi aprovada por unanimidade a Mo\u00e7\u00e3o de Aplauso e Reconhecimento n\u00ba 002/2023, de autoria do Vereador Ailto Moraes, concedida aos policiais militares:"}, {"id": "3919", "ano": "2023", "numero": "169", "tipo__sigla": "OFI", "tipo__descricao": "Of\u00edcio", "autoria": "CELITA", "texto_original": "http://sapl.limeiradooeste.mg.leg.br/media/sapl/public/materialegislativa/2023/3919/of169-2023-c.pdf", "ementa": "A senhora Rosane Alves Gon\u00e7alves, Secret\u00e1ria de Meio Ambiente, Sabemos que cuidar do meio ambiente \u00e9 cuidar da vida. Assim, se torna cada vez mais necess\u00e1rio que sejam implantadas a\u00e7\u00f5es visando a arboriza\u00e7\u00e3o nas cidades a fim de trazer in\u00fameros benef\u00edcios, n\u00e3o somente \u00e0 natureza, mas tamb\u00e9m \u00e0 popula\u00e7\u00e3o."}, {"id": "3920", "ano": "2023", "numero": "170", "tipo__sigla": "OFI", "tipo__descricao": "Of\u00edcio", "autoria": "CELITA", "texto_original": "http://sapl.limeiradooeste.mg.leg.br/media/sapl/public/materialegislativa/2023/3920/of170-2023.pdf", "ementa": "Senhor Prefeito, solicito que seja feita a retifica\u00e7\u00e3o do item 7 da tabela das emendas impositivas dos Vereadores Celi, \u00c9berton e William."}, {"id": "3921", "ano": "2023", "numero": "171", "tipo__sigla": "OFI", "tipo__descricao": "Of\u00edcio", "autoria": "CELITA", "texto_original": "http://sapl.limeiradooeste.mg.leg.br/media/sapl/public/materialegislativa/2023/3921/of171-2023.pdf", "ementa": "Senhor Hideraldo Henrique Silva, Presidente da ARISMIG, solicito uma reuni\u00e3o virtual no dia 16 de outubro corrente \u00e0s 9 horas."}, {"id": "3922", "ano": "2023", "numero": "172", "tipo__sigla": "OFI", "tipo__descricao": "Of\u00edcio", "autoria": "CELITA", "texto_original": "http://sapl.limeiradooeste.mg.leg.br/media/sapl/public/materialegislativa/2023/3922/of172-2023.pdf", "ementa": "Senhor Prefeito, a pedido do Vereador Maur\u00edcio J\u00fanior, solicito que seja feita a retifica\u00e7\u00e3o do item 14 da tabela das emendas impositivas do Vereador citado."}, {"id": "3936", "ano": "2023", "numero": "173", "tipo__sigla": "OFI", "tipo__descricao": "Of\u00edcio", "autoria": "CELITA", "texto_original": "http://sapl.limeiradooeste.mg.leg.br/media/sapl/public/materialegislativa/2023/3936/of173-2023.pdf", "ementa": "Senhor Prefeito, encaminho documentos cont\u00e1beis da C\u00e2mara referente \u00e0 compet\u00eancia de setembro."}, {"id": "3937", "ano": "2023", "numero": "174", "tipo__sigla": "OFI", "tipo__descricao": "Of\u00edcio", "autoria": "CELITA", "texto_original": "http://sapl.limeiradooeste.mg.leg.br/media/sapl/public/materialegislativa/2023/3937/of174-2023.pdf", "ementa": "Senhor Prefeito, encaminho expediente aprovado na 19\u00aa R O realizada no dia 16 de outubro."}, {"id": "3938", "ano": "2023", "numero": "175", "tipo__sigla": "OFI", "tipo__descricao": "Of\u00edcio", "autoria": "CELITA", "texto_original": "http://sapl.limeiradooeste.mg.leg.br/media/sapl/public/materialegislativa/2023/3938/of175-2023-rodrigopacheco-mocao.pdf", "ementa": "Senhor Rodrigo Pacheco, Presidente do Senado, Informo que foi aprovada por unanimidade a Mo\u00e7\u00e3o no 03/2023, anexa, de autoria da Vereadora Elainy Aparecida de Souza, na 19\u00aa Reuni\u00e3o Ordin\u00e1ria da C\u00e2mara Municipal, ocorrida no dia 16 de outubro do corrente ano."}, {"id": "3939", "ano": "2023", "numero": "176", "tipo__sigla": "OFI", "tipo__descricao": "Of\u00edcio", "autoria": "CELITA", "texto_original": "http://sapl.limeiradooeste.mg.leg.br/media/sapl/public/materialegislativa/2023/3939/of176-2023.pdf", "ementa": "Senhor Prefeito, encaminho o expediente aprovado na 10\u00aa R E realizada no dia 24 de outubro."}, {"id": "3940", "ano": "2023", "numero": "177", "tipo__sigla": "OFI", "tipo__descricao": "Of\u00edcio", "autoria": "TIA LAINY", "texto_original": "http://sapl.limeiradooeste.mg.leg.br/media/sapl/public/materialegislativa/2023/3940/of177-2023.pdf", "ementa": "Senhor Prefeito e Senhor Moacir Gon\u00e7alves, coordenador de transporte escolar, solicito que seja disponibilizado transporte para 40 pessoas, para a cidade de Iturama-MG, no dia 11 de novembro do corrente ano interessados em fazer as provas para participarem do Programa Bolsa de Estudos (f\u00f4lder anexo)."}, {"id": "3941", "ano": "2023", "numero": "178", "tipo__sigla": "OFI", "tipo__descricao": "Of\u00edcio", "autoria": "CELITA", "texto_original": "http://sapl.limeiradooeste.mg.leg.br/media/sapl/public/materialegislativa/2023/3941/of178-2023.pdf", "ementa": "Senhora Luana de Queiroz Covizzi, Coordenadora Vigil\u00e2ncia Sanit\u00e1ria, em aten\u00e7\u00e3o ao Of\u00edcio n\u00ba 002/2023, Consignamos que, n\u00e3o \u00e9 atribui\u00e7\u00e3o desta Casa de Leis a produ\u00e7\u00e3o ou\r\ncomercializa\u00e7\u00e3o de alimentos, que no caso, precisam adquirir o alvar\u00e1 sanit\u00e1rio."}, {"id": "3942", "ano": "2023", "numero": "179", "tipo__sigla": "OFI", "tipo__descricao": "Of\u00edcio", "autoria": "TIA LAINY", "texto_original": "http://sapl.limeiradooeste.mg.leg.br/media/sapl/public/materialegislativa/2023/3942/of179_-_elainy-procuradoriamulher.pdf", "ementa": "Prezada Senhora, Venho por este convidar Vossa Senhoria para uma roda de conversa sobre a implanta\u00e7\u00e3o da Procuradoria da Mulher, no dia 13 de novembro \u00e0s 19 horas na C\u00e2mara Municipal de Limeira do Oeste."}, {"id": "3943", "ano": "2023", "numero": "180", "tipo__sigla": "OFI", "tipo__descricao": "Of\u00edcio", "autoria": "", "texto_original": "http://sapl.limeiradooeste.mg.leg.br/media/sapl/public/materialegislativa/2023/3943/of180-2023.pdf", "ementa": "Senhor Prefeito, Tendo em vista a tramita\u00e7\u00e3o do Projeto de Lei Ordin\u00e1ria no 38/2028, Solicitamos que informe a esta Casa de Leis o seguinte:\r\na) qual ser\u00e1 a \u00e1rea desapropriada/adquirida de cada propriet\u00e1rio;\r\nb) qual valor ser\u00e1 pago a cada propriet\u00e1rio;\r\nc) que seja enviado croqui e memorial descritivo da constru\u00e7\u00e3o do anel\r\nvi\u00e1rio"}, {"id": "3944", "ano": "2023", "numero": "181", "tipo__sigla": "OFI", "tipo__descricao": "Of\u00edcio", "autoria": "JUNINHO DA FARMACIA", "texto_original": "http://sapl.limeiradooeste.mg.leg.br/media/sapl/public/materialegislativa/2023/3944/of181-2023.pdf", "ementa": "Senhor Prefeito, solicito que sejam tomadas provid\u00eancias em rela\u00e7\u00e3o ao \u00f4nibus do transporte universit\u00e1rio para a cidade de Votuporanga; quando chove entra \u00e1gua no ve\u00edculo, o teto goteja, molhando os bancos, alagando o corredor."}, {"id": "3945", "ano": "2023", "numero": "182", "tipo__sigla": "OFI", "tipo__descricao": "Of\u00edcio", "autoria": "JUNINHO DA FARMACIA", "texto_original": "http://sapl.limeiradooeste.mg.leg.br/media/sapl/public/materialegislativa/2023/3945/of182-2023.pdf", "ementa": "Senhor Prefeito, Solicito que sejam colocados climatizadores evaporativos para amenizar a temperatura e dar maior comodidade \u00e0s pessoas que assistem aos jogos e aos alunos durante as aulas."}, {"id": "3948", "ano": "2023", "numero": "183", "tipo__sigla": "OFI", "tipo__descricao": "Of\u00edcio", "autoria": "CELITA", "texto_original": "http://sapl.limeiradooeste.mg.leg.br/media/sapl/public/materialegislativa/2023/3948/of183-2023.pdf", "ementa": "Senhor Prefeito, venho requisitar a 11\u00aa parcela do Duod\u00e9cimo, referente ao m\u00eas de novembro."}, {"id": "3949", "ano": "2023", "numero": "184", "tipo__sigla": "OFI", "tipo__descricao": "Of\u00edcio", "autoria": "CELITA", "texto_original": "http://sapl.limeiradooeste.mg.leg.br/media/sapl/public/materialegislativa/2023/3949/of184-2023.pdf", "ementa": "Senhor Prefeito, conforme solicita\u00e7\u00e3o contida no Of\u00edcio n\u00ba 248/2023-GP, devolvo o Projeto de Lei Complementar n\u00ba 12/2023."}, {"id": "3950", "ano": "2023", "numero": "185", "tipo__sigla": "OFI", "tipo__descricao": "Of\u00edcio", "autoria": "CELITA", "texto_original": "http://sapl.limeiradooeste.mg.leg.br/media/sapl/public/materialegislativa/2023/3950/of185-2023.pdf", "ementa": "Senhor Prefeito, em aten\u00e7\u00e3o ao Of\u00edcio n\u00ba 246/2023-GP, informo as fichas or\u00e7ament\u00e1rias solicitadas."}, {"id": "3956", "ano": "2023", "numero": "186", "tipo__sigla": "OFI", "tipo__descricao": "Of\u00edcio", "autoria": "CELITA", "texto_original": "http://sapl.limeiradooeste.mg.leg.br/media/sapl/public/materialegislativa/2023/3956/of186-2023.pdf", "ementa": "Senhores Taxistas; Tendo em vista a tramita\u00e7\u00e3o do Projeto de Lei Ordin\u00e1ria no 36/2023, convido Vossas Senhorias para reuni\u00e3o no dia 08 de novembro do corrente ano \u00e0s 19 horas na C\u00e2mara Municipal para tratarmos do assunto em quest\u00e3o."}, {"id": "3957", "ano": "2023", "numero": "187", "tipo__sigla": "OFI", "tipo__descricao": "Of\u00edcio", "autoria": "CELITA", "texto_original": "http://sapl.limeiradooeste.mg.leg.br/media/sapl/public/materialegislativa/2023/3957/of187-2023.pdf", "ementa": "Senhor Prefeito, encaminho expediente aprovado na 20\u00aa R O  realizada no dia 06 de novembro."}, {"id": "3958", "ano": "2023", "numero": "188", "tipo__sigla": "OFI", "tipo__descricao": "Of\u00edcio", "autoria": "CELITA", "texto_original": "http://sapl.limeiradooeste.mg.leg.br/media/sapl/public/materialegislativa/2023/3958/of188-2023.pdf", "ementa": "Senhor Ademar Dezanetti, Informo que foi aprovada por unanimidade a Mo\u00e7\u00e3o de Aplauso e\r\nReconhecimento no 004/2023, de autoria da Vereadora Elainy Aparecida de Souza concedida \u00e0 Vossa Senhoria na 20\u00b0 Reuni\u00e3o Ordin\u00e1ria da C\u00e2mara Municipal, ocorrida no dia 06 de novembro do ano corrente."}, {"id": "3959", "ano": "2023", "numero": "189", "tipo__sigla": "OFI", "tipo__descricao": "Of\u00edcio", "autoria": "CELITA", "texto_original": "http://sapl.limeiradooeste.mg.leg.br/media/sapl/public/materialegislativa/2023/3959/of189-2023.pdf", "ementa": "Senhor Edmilson Antonio, Informo que foi aprovada por unanimidade a Mo\u00e7\u00e3o de Aplauso e\r\nReconhecimento no 005/2023, e autoria da Vereadora Elainy Aparecida de Souza concedida \u00e0 Vossa Senhoria na 20\u00aa Reuni\u00e3o Ordin\u00e1ria da C\u00e2mara Municipal, ocorrida no dia 06 de novembro do ano corrente."}, {"id": "3960", "ano": "2023", "numero": "190", "tipo__sigla": "OFI", "tipo__descricao": "Of\u00edcio", "autoria": "TIA LAINY", "texto_original": "http://sapl.limeiradooeste.mg.leg.br/media/sapl/public/materialegislativa/2023/3960/of190-2023.pdf", "ementa": "Senhor Eder Aguiar, Secret\u00e1rio Municipal de Sa\u00fade, Considerando a onda de calor intenso que se tornou uma situa\u00e7\u00e3o grave de sa\u00fade p\u00fablica."}, {"id": "3961", "ano": "2023", "numero": "191", "tipo__sigla": "OFI", "tipo__descricao": "Of\u00edcio", "autoria": "CELITA", "texto_original": "http://sapl.limeiradooeste.mg.leg.br/media/sapl/public/materialegislativa/2023/3961/of191-2023.pdf", "ementa": "Senhor Prefeito, A pedido do Vereador Ailto Moraes, tendo em vista que n\u00e3o ser\u00e1 poss\u00edvel o repasse \u00e0 Associa\u00e7\u00e3o dos Produtores Rurais do Assentamento P.A. Reserva (APRAR), solicito que seja feita a retifica\u00e7\u00e3o do item 2 da tabela das emendas impositivas do Vereador citado, destinando os R$ 38.000,00 para as comemora\u00e7\u00f5es da \u201cvirada\u201d do ano (reveillon)."}, {"id": "3962", "ano": "2023", "numero": "192", "tipo__sigla": "OFI", "tipo__descricao": "Of\u00edcio", "autoria": "CELITA", "texto_original": "http://sapl.limeiradooeste.mg.leg.br/media/sapl/public/materialegislativa/2023/3962/of192-2023.pdf", "ementa": "Senhor Prefeito, encaminho documentos cont\u00e1beis da C\u00e2mara Municipal referente \u00e0 compet\u00eancia de outubro de 2023."}, {"id": "3963", "ano": "2023", "numero": "193", "tipo__sigla": "OFI", "tipo__descricao": "Of\u00edcio", "autoria": "AILTO MORAES", "texto_original": "http://sapl.limeiradooeste.mg.leg.br/media/sapl/public/materialegislativa/2023/3963/of193-2023.pdf", "ementa": "Senhor Orizon Alves, Secret\u00e1rio M. de Cultura, solicito que seja providenciada a decora\u00e7\u00e3o natalina para a Pra\u00e7a Amador Jos\u00e9 de Queiroz."}, {"id": "3967", "ano": "2023", "numero": "194", "tipo__sigla": "OFI", "tipo__descricao": "Of\u00edcio", "autoria": "AILTO MORAES, ANTONIO LUIZ, CELITA, DUNGA, EBERTON SUINO, JUNINHO DA FARMACIA, TIA LAINY, TI\u00c3O ARARA, WILLIAM BOZZA", "texto_original": "http://sapl.limeiradooeste.mg.leg.br/media/sapl/public/materialegislativa/2023/3967/of194-2023.pdf", "ementa": "Senhor Prefeito, tendo em vista a tramita\u00e7\u00e3o do PLC 14/2023, solicitamos que seja calculado o valor com base em 3 vezes por semana."}, {"id": "3968", "ano": "2023", "numero": "195", "tipo__sigla": "OFI", "tipo__descricao": "Of\u00edcio", "autoria": "CELITA", "texto_original": "http://sapl.limeiradooeste.mg.leg.br/media/sapl/public/materialegislativa/2023/3968/of195-2023.pdf", "ementa": "Senhor Prefeito, encaminho  o expediente aprovado na 21\u00aa RO realizada no dia 20 de novembro."}, {"id": "3969", "ano": "2023", "numero": "196", "tipo__sigla": "OFI", "tipo__descricao": "Of\u00edcio", "autoria": "CELITA", "texto_original": "http://sapl.limeiradooeste.mg.leg.br/media/sapl/public/materialegislativa/2023/3969/of196-2023.pdf", "ementa": "Senhor Pedro Socorro, encaminho anexo Decreto Legislativo n\u00ba 91/2023, que aprova as contas do munic\u00edpio exerc\u00edcio financeiro 2020."}, {"id": "3970", "ano": "2023", "numero": "197", "tipo__sigla": "OFI", "tipo__descricao": "Of\u00edcio", "autoria": "AILTO MORAES, ANTONIO LUIZ, CELITA, DUNGA, EBERTON SUINO, JUNINHO DA FARMACIA, TIA LAINY, TI\u00c3O ARARA, WILLIAM BOZZA", "texto_original": "http://sapl.limeiradooeste.mg.leg.br/media/sapl/public/materialegislativa/2023/3970/of197-2023-vereadores-raulbelem-cemig.pdf", "ementa": "Senhor Raul Bel\u00e9m, Deputado Estadual, Vimos respeitosamente solicitar apoio de Vossa Excel\u00eancia para que interceda junto aos \u00f3rg\u00e3os competentes e \u00e0 Companhia Energ\u00e9tica de Minas Gerais \u2014 CEMIG, visto os in\u00fameros problemas apresentados h\u00e1 meses com o fornecimento de energia urbana e rural."}, {"id": "3972", "ano": "2023", "numero": "198", "tipo__sigla": "OFI", "tipo__descricao": "Of\u00edcio", "autoria": "JUNINHO DA FARMACIA", "texto_original": "http://sapl.limeiradooeste.mg.leg.br/media/sapl/public/materialegislativa/2023/3972/of198-2023.pdf", "ementa": "Em virtude do recente incidente ocorrido na Pra\u00e7a Municipal, no qual o ninho na  palmeira \"oca\" caiu por causas naturais. Tal acontecimento despertou nossa aten\u00e7\u00e3o para a import\u00e2ncia da preserva\u00e7\u00e3o das araras, que h\u00e1 tr\u00eas gera\u00e7\u00f5es constituem um not\u00e1vel ponto tur\u00edstico em nosso munic\u00edpio."}, {"id": "3973", "ano": "2023", "numero": "199", "tipo__sigla": "OFI", "tipo__descricao": "Of\u00edcio", "autoria": "TIA LAINY", "texto_original": "http://sapl.limeiradooeste.mg.leg.br/media/sapl/public/materialegislativa/2023/3973/of199-2023-minhacasa.pdf", "ementa": "Solicita\u00e7\u00e3o de Informa\u00e7\u00f5es sobre a Ades\u00e3o ao Programa Minha Casa, Minha Vida."}, {"id": "3974", "ano": "2023", "numero": "200", "tipo__sigla": "OFI", "tipo__descricao": "Of\u00edcio", "autoria": "CELITA", "texto_original": "http://sapl.limeiradooeste.mg.leg.br/media/sapl/public/materialegislativa/2023/3974/of200-2023.pdf", "ementa": "Sr. Prefeito, encaminho expediente aprovado na 11\u00aa R E, realizada dia 29 de novembro."}, {"id": "3975", "ano": "2023", "numero": "201", "tipo__sigla": "OFI", "tipo__descricao": "Of\u00edcio", "autoria": "JUNINHO DA FARMACIA", "texto_original": "http://sapl.limeiradooeste.mg.leg.br/media/sapl/public/materialegislativa/2023/3975/of201-2023.pdf", "ementa": "Solicita\u00e7\u00e3o de Desinsetiza\u00e7\u00e3o, Troca de Materiais e Reorganiza\u00e7\u00e3o no Vel\u00f3rio Municipal."}, {"id": "3976", "ano": "2023", "numero": "202", "tipo__sigla": "OFI", "tipo__descricao": "Of\u00edcio", "autoria": "CELITA", "texto_original": "http://sapl.limeiradooeste.mg.leg.br/media/sapl/public/materialegislativa/2023/3976/of202-2023.pdf", "ementa": "Solicito o fornecimento de um ve\u00edculo do tipo Van para o transporte das pessoas que ir\u00e3o participar da posse do Pe. Eduardo Reis, que assumir\u00e1 a par\u00f3quia de Capin\u00f3polis/MG"}, {"id": "3981", "ano": "2023", "numero": "203", "tipo__sigla": "OFI", "tipo__descricao": "Of\u00edcio", "autoria": "CELITA", "texto_original": "http://sapl.limeiradooeste.mg.leg.br/media/sapl/public/materialegislativa/2023/3981/of203-2023.pdf", "ementa": "Senhor Prefeito, venho requisitar a 12\u00aa parcela do Duod\u00e9cimo, referente ao m\u00eas de dezembro."}, {"id": "3982", "ano": "2023", "numero": "204", "tipo__sigla": "OFI", "tipo__descricao": "Of\u00edcio", "autoria": "CELITA", "texto_original": "http://sapl.limeiradooeste.mg.leg.br/media/sapl/public/materialegislativa/2023/3982/of204-2023.pdf", "ementa": "Solicito que seja feita a retifica\u00e7\u00e3o do item 7 na tabela das emendas impositivas dos Vereadores Celita, \u00c9berton e William."}, {"id": "3983", "ano": "2023", "numero": "205", "tipo__sigla": "OFI", "tipo__descricao": "Of\u00edcio", "autoria": "CELITA", "texto_original": "http://sapl.limeiradooeste.mg.leg.br/media/sapl/public/materialegislativa/2023/3983/of205-2023.pdf", "ementa": "Encaminhamento de Expediente Aprovado - 22\u00aa Reuni\u00e3o ordin\u00e1ria realizada dia 04 de dezembro."}, {"id": "3986", "ano": "2023", "numero": "206", "tipo__sigla": "OFI", "tipo__descricao": "Of\u00edcio", "autoria": "CELITA", "texto_original": "http://sapl.limeiradooeste.mg.leg.br/media/sapl/public/materialegislativa/2023/3986/of206-2023.pdf", "ementa": "Senhor Prefeito, Encaminho a Vossa Excel\u00eancia os seguintes documentos cont\u00e1beis da C\u00e2mara Municipal referente \u00e0 compet\u00eancia de novembro de 2023."}, {"id": "3988", "ano": "2023", "numero": "207", "tipo__sigla": "OFI", "tipo__descricao": "Of\u00edcio", "autoria": "CELITA", "texto_original": "http://sapl.limeiradooeste.mg.leg.br/media/sapl/public/materialegislativa/2023/3988/of207-2023-mesa-cemig.pdf", "ementa": "Servimos do presente para informar que apoiamos e ratificamos a CONVOCA\u00c7\u00c3O da empresa CEMIG para participar da audi\u00eancia p\u00fablica que ser\u00e1 realizada na data de hoje, 12/12/2023 \u00e0s 19h na C\u00e2mara Municipal de Limeira."}, {"id": "3991", "ano": "2023", "numero": "208", "tipo__sigla": "OFI", "tipo__descricao": "Of\u00edcio", "autoria": "CELITA", "texto_original": "http://sapl.limeiradooeste.mg.leg.br/media/sapl/public/materialegislativa/2023/3991/of208-2023-entregamocoes.pdf", "ementa": "Aos Senhores: Ademar Dezanetti, Edm\u00edlson Ant\u00f4nio dos Santos, Rom\u00e1rio Faustino de Oliveira,\r\nMaxlei Carlos Rezende, Leonardo Alberto Borges Freitas, Lu\u00eds Manoel In\u00e1cio Silva, Jonas Bernardes de Oliveira Neto e T\u00e9u Brito Martins, venho por este convid\u00e1-los para receber essa homenagem no dia 20 de dezembro deste ano durante a realiza\u00e7\u00e3o do evento \u201cDESTAQUES EM A\u00c7\u00c3O\u201d nesta Casa de Leis, a partir das 19 horas."}, {"id": "3995", "ano": "2023", "numero": "209", "tipo__sigla": "OFI", "tipo__descricao": "Of\u00edcio", "autoria": "CELITA", "texto_original": "http://sapl.limeiradooeste.mg.leg.br/media/sapl/public/materialegislativa/2023/3995/of209-2023-exp23-ro.pdf", "ementa": "Senhor Prefeito: Em cumprimento \u00e0s atividades deliberadas durante a 23\u00aa Reuni\u00e3o Ordin\u00e1ria realizada no dia 18 de dezembro do corrente ano, encaminho abaixo o expediente aprovado durante a referida sess\u00e3o:"}, {"id": "3996", "ano": "2023", "numero": "210", "tipo__sigla": "OFI", "tipo__descricao": "Of\u00edcio", "autoria": "", "texto_original": "http://sapl.limeiradooeste.mg.leg.br/media/", "ementa": "Senhor Deputado Z\u00e9 Vitor: Vimos respeitosamente solicitar apoio de Vossa Excel\u00eancia para que interceda junto aos \u00f3rg\u00e3os competentes e \u00e0 Companhia Energ\u00e9tica de Minas Gerais \u2013 CEMIG, visto os in\u00fameros problemas apresentados h\u00e1 meses com o fornecimento de energia urbana e rural."}, {"id": "3998", "ano": "2023", "numero": "211", "tipo__sigla": "OFI", "tipo__descricao": "Of\u00edcio", "autoria": "CELITA", "texto_original": "http://sapl.limeiradooeste.mg.leg.br/media/sapl/public/materialegislativa/2023/3998/of211-2023-exp12a_re.pdf", "ementa": "Encaminhamento de Expediente aprovado na 12\u00aa RE."}, {"id": "3999", "ano": "2023", "numero": "212", "tipo__sigla": "OFI", "tipo__descricao": "Of\u00edcio", "autoria": "TIA LAINY", "texto_original": "http://sapl.limeiradooeste.mg.leg.br/media/sapl/public/materialegislativa/2023/3999/of212-2023-melhoriafamaciapopular.pdf", "ementa": "Solicita\u00e7\u00e3o de Apoio para Desburocratiza\u00e7\u00e3o e Melhorias no fornecimento de Medicamentos na Farm\u00e1cia Popular."}, {"id": "3627", "ano": "2023", "numero": "1", "tipo__sigla": "PLCL", "tipo__descricao": "Projeto  de Lei Complementar do Legislativo", "autoria": "", "texto_original": "http://sapl.limeiradooeste.mg.leg.br/media/sapl/public/materialegislativa/2023/3627/01-2023-atribcargoscomissao.pdf", "ementa": "DISP\u00d5E SOBRE AS ATRIBUI\u00c7\u00d5ES E REORGANIZA\u00c7\u00c3O DOS CARGOS DE PROVIMENTO EM COMISS\u00c3O, DO ANEXO III DA LEI COMPLEMENTAR N\u00b0. 10/2003, COM REDA\u00c7\u00c3O DADA PELA LEI COMPLEMENTAR N\u00b0. 88/2022, DESTINADOS \u00c0S ATRIBUI\u00c7\u00d5ES DE DIRE\u00c7\u00c3O, CHEFIA E ASSESSORAMENTO NO \u00c2MBITO DA C\u00c2MARA MUNICIPAL DE LIMEIRA DO OESTE E D\u00c1 OUTRAS PROVID\u00caNCIAS."}, {"id": "3951", "ano": "2023", "numero": "1", "tipo__sigla": "PDL", "tipo__descricao": "Projeto de Decreto Legislativo", "autoria": "Comiss\u00e3o Finan\u00e7as e Or\u00e7amento", "texto_original": "http://sapl.limeiradooeste.mg.leg.br/media/sapl/public/materialegislativa/2023/3951/projetodecretoleg01-2023justificativaparecer.pdf", "ementa": "APROVA AS CONTAS DO PREFEITO MUNICIPAL RELATIVAS AO EXERC\u00cdCIO FINANCEIRO DE 2020 E D\u00c1 OUTRAS PROVID\u00caNCIAS."}, {"id": "3614", "ano": "2023", "numero": "1", "tipo__sigla": "PLC", "tipo__descricao": "Projeto de Lei Complementar", "autoria": "ENEDINO PEREIRA FILHO", "texto_original": "http://sapl.limeiradooeste.mg.leg.br/media/sapl/public/materialegislativa/2023/3614/projleicomp01-2023.pdf", "ementa": "AUTORIZA O PODER EXECUTIVO CRIAR FUN\u00c7\u00d5ES GRATIFICADAS-FGS, NO \u00c2MBITO DA ADMINISTRA\u00c7\u00c3O P\u00daBLICA MUNICIPAL DE LIMEIRA DO OESTE, E D\u00c1 OUTRAS PROVID\u00caNCIAS."}, {"id": "3615", "ano": "2023", "numero": "2", "tipo__sigla": "PLC", "tipo__descricao": "Projeto de Lei Complementar", "autoria": "ENEDINO PEREIRA FILHO", "texto_original": "http://sapl.limeiradooeste.mg.leg.br/media/sapl/public/materialegislativa/2023/3615/projleicomp02-2023.pdf", "ementa": "DISP\u00d5E SOBRE A CRIA\u00c7\u00c3O DE CARGOS P\u00daBLICOS, BEM COMO SOBRE A ABERTURA DE VAGAS DE CARGOS NO QUADRO DE PESSOAL DA PREFEITURA DE LIMEIRA DO OESTE, CONCEDE REAJUSTE DE VENCIMENTOS NOS CARGOS QUE MENCIONA E D\u00c1 OUTRAS PROVID\u00caNCIAS."}, {"id": "3616", "ano": "2023", "numero": "3", "tipo__sigla": "PLC", "tipo__descricao": "Projeto de Lei Complementar", "autoria": "ENEDINO PEREIRA FILHO", "texto_original": "http://sapl.limeiradooeste.mg.leg.br/media/", "ementa": "CONCEDE REVIS\u00c3O GERAL ANUAL E REAJUSTE NOS VENCIMENTOS DOS SERVIDORES P\u00daBLICOS MUNICIPAIS ATIVOS, APOSENTADOS, PENSIONISTAS, AOS CARGOS COMISSIONADOS E D\u00c1 OUTRAS PROVID\u00caNCIAS."}, {"id": "3625", "ano": "2023", "numero": "4", "tipo__sigla": "PLC", "tipo__descricao": "Projeto de Lei Complementar", "autoria": "ENEDINO PEREIRA FILHO", "texto_original": "http://sapl.limeiradooeste.mg.leg.br/media/sapl/public/materialegislativa/2023/3625/projleicomp04-2023-5_79-paragrafounico.pdf", "ementa": "CONCEDE REAJUSTE COMPLEMENTAR NOS VENCIMENTOS DOS SERVIDORES P\u00daBLICOS MUNICIPAIS ATIVOS, INCLUSIVE OS CONTRATADOS POR TEMPO DETERMINADO, APOSENTADOS, PENSIONISTAS, AOS DE CARGOS COMISSIONADOS E D\u00c1 OUTRAS PROVID\u00caNCIAS."}, {"id": "3629", "ano": "2023", "numero": "5", "tipo__sigla": "PLC", "tipo__descricao": "Projeto de Lei Complementar", "autoria": "ENEDINO PEREIRA FILHO", "texto_original": "http://sapl.limeiradooeste.mg.leg.br/media/sapl/public/materialegislativa/2023/3629/projleicomp05-2023-pisosalarial-acseace.pdf", "ementa": "REGULAMENTA A FIXA\u00c7\u00c3O DO PISO SALARIAL DOS AGENTES COMUNIT\u00c1RIOS DE SA\u00daDE E AGENTE DE COMBATE \u00c0 ENDEMIAS, NOS TERMOS DA EMENDA CONSTITUCIONAL N\u00ba 120, DE 05 DE MAIO DE 2022, NA FORMA QUE ESPECIFICA E D\u00c1 OUTRAS PROVID\u00caNCIAS."}, {"id": "3655", "ano": "2023", "numero": "6", "tipo__sigla": "PLC", "tipo__descricao": "Projeto de Lei Complementar", "autoria": "ENEDINO PEREIRA FILHO", "texto_original": "http://sapl.limeiradooeste.mg.leg.br/media/sapl/public/materialegislativa/2023/3655/projleicomp06-2023-reajustemagisterio-01-03.pdf", "ementa": "AUTORIZA O PODER EXECUTIVO MUNICIPAL A CONCEDER O REAJUSTE DO PISO SALARIAL DOS PROFISSIONAIS DO MAGIST\u00c9RIO DA EDUCA\u00c7\u00c3O B\u00c1SICA, NACIONALMENTE ESTABELECIDO NA FORMA DO ART. 212-A, INCISO XII DA CONSTITUI\u00c7\u00c3O FEDERAL E PELA PORTARIA N\u00ba 17/2023, DO MINIST\u00c9RIO DA EDUCA\u00c7\u00c3O."}, {"id": "3771", "ano": "2023", "numero": "7", "tipo__sigla": "PLC", "tipo__descricao": "Projeto de Lei Complementar", "autoria": "ENEDINO PEREIRA FILHO", "texto_original": "http://sapl.limeiradooeste.mg.leg.br/media/sapl/public/materialegislativa/2023/3771/projleicomp07-2023-refis-novo.pdf", "ementa": "DISP\u00d5E SOBRE A POL\u00cdTICA MUNICIPAL DE INCENTIVOS FISCAIS E INSTITUI O PROGRAMA DE RECUPERA\u00c7\u00c3O FISCAL DO MUNIC\u00cdPIO DE LIMEIRA DO OESTE/MG - REFIS, NA FORMA QUE ESPECIFICA E D\u00c1 OUTRAS PROVID\u00caNCIAS."}, {"id": "3778", "ano": "2023", "numero": "8", "tipo__sigla": "PLC", "tipo__descricao": "Projeto de Lei Complementar", "autoria": "ENEDINO PEREIRA FILHO", "texto_original": "http://sapl.limeiradooeste.mg.leg.br/media/sapl/public/materialegislativa/2023/3778/projleicomp08-2023-residencialmenezesfreitas.pdf", "ementa": "INCLUI O LOTEAMENTO RESIDENCIAL \u201cMENEZES DE FREITAS\u201d NO SETOR 02 E NO SETOR 03, PREVISTOS NO ART. 2\u00b0, DA LEI MUNICIPAL COMPLEMENTAR N\u00b0 83/2021."}, {"id": "3792", "ano": "2023", "numero": "9", "tipo__sigla": "PLC", "tipo__descricao": "Projeto de Lei Complementar", "autoria": "ENEDINO PEREIRA FILHO", "texto_original": "http://sapl.limeiradooeste.mg.leg.br/media/sapl/public/materialegislativa/2023/3792/projleicomp09-2023-alteraleicomp102-acs-ace.pdf", "ementa": "ALTERA A REDA\u00c7\u00c3O DO ARTIGO PRIMEIRO, DA LEI COMPLEMENTAR N\u00ba 102, DE 07 DE FEVEREIRO DE 2023."}, {"id": "3850", "ano": "2023", "numero": "10", "tipo__sigla": "PLC", "tipo__descricao": "Projeto de Lei Complementar", "autoria": "ENEDINO PEREIRA FILHO", "texto_original": "http://sapl.limeiradooeste.mg.leg.br/media/sapl/public/materialegislativa/2023/3850/projleicomp10-2023-alteraleicomp09.pdf", "ementa": "DISP\u00d5E SOBRE A REDU\u00c7\u00c3O E A ABERTURA DE VAGAS DE CARGOS NO QUADRO DE PESSOAL DA PREFEITURA DE LIMEIRA DO OESTE, BEM COMO SOBRE A CRIA\u00c7\u00c3O DE CARGO P\u00daBLICO QUE MENCIONA, ALTERANDO A LEI COMPLEMENTAR N\u00ba 09/2003, E D\u00c1 OUTRAS PROVID\u00caNCIAS."}, {"id": "3862", "ano": "2023", "numero": "11", "tipo__sigla": "PLC", "tipo__descricao": "Projeto de Lei Complementar", "autoria": "ENEDINO PEREIRA FILHO", "texto_original": "http://sapl.limeiradooeste.mg.leg.br/media/sapl/public/materialegislativa/2023/3862/projleicomp11-2023-pisoenfermagem.pdf", "ementa": "AUTORIZA O PODER EXECUTIVO A REPASSAR RECURSOS RECEBIDOS DA UNI\u00c3O PARA CUMPRIMENTO DA ASSIST\u00caNCIA FINANCEIRA COMPLEMENTAR DE QUE TRATA A EMENDA CONSTITUCIONAL 12/2022, NA FORMA QUE MENCIONA E D\u00c1 OUTRAS PROVID\u00caNCIAS."}, {"id": "3877", "ano": "2023", "numero": "12", "tipo__sigla": "PLC", "tipo__descricao": "Projeto de Lei Complementar", "autoria": "ENEDINO PEREIRA FILHO", "texto_original": "http://sapl.limeiradooeste.mg.leg.br/media/sapl/public/materialegislativa/2023/3877/projleicomp12-2023-alteradispositivosleicomp96-novo.pdf", "ementa": "ALTERA OS DISPOSITIVOS LEGAIS QUE MENCIONA E DA LEI COMPLEMENTAR N\u00ba 96, DE 06 DE DEZEMBRO DE 2022."}, {"id": "3923", "ano": "2023", "numero": "13", "tipo__sigla": "PLC", "tipo__descricao": "Projeto de Lei Complementar", "autoria": "ENEDINO PEREIRA FILHO", "texto_original": "http://sapl.limeiradooeste.mg.leg.br/media/sapl/public/materialegislativa/2023/3923/projleicomp13-2023-valorminimoajuizamento.pdf", "ementa": "FIXA O VALOR M\u00cdNIMO PARA AJUIZAMENTO DE A\u00c7\u00c3O DE EXECU\u00c7\u00c3O FISCAL OBJETIVANDO A COBRAN\u00c7A DE D\u00cdVIDA ATIVA DA FAZENDA P\u00daBLICA MUNICIPAL, AUTORIZA A DESIST\u00caNCIA DE EXECU\u00c7\u00d5ES FISCAIS E D\u00c1 OUTRAS PROVID\u00caNCIAS."}, {"id": "3930", "ano": "2023", "numero": "14", "tipo__sigla": "PLC", "tipo__descricao": "Projeto de Lei Complementar", "autoria": "ENEDINO PEREIRA FILHO", "texto_original": "http://sapl.limeiradooeste.mg.leg.br/media/sapl/public/materialegislativa/2023/3930/projleicomp14-2023-substitutivo-arismig-altleicomp96.pdf", "ementa": "ALTERA OS DISPOSITIVOS LEGAIS QUE MENCIONA, DA LEI COMPLEMENTAR N\u00ba 96, DE 06 DE DEZEMBRO DE 2022."}, {"id": "3931", "ano": "2023", "numero": "15", "tipo__sigla": "PLC", "tipo__descricao": "Projeto de Lei Complementar", "autoria": "ENEDINO PEREIRA FILHO", "texto_original": "http://sapl.limeiradooeste.mg.leg.br/media/", "ementa": "INCLUI O LOTEAMENTO RESIDENCIAL \"JARDIM DAS OLIVEIRAS II\" NO SETOR 02, PREVISTO NO ART. 2\u00ba, DA LEI MUNICIPAL COMPLEMENTAR N\u00ba 83/2021."}, {"id": "3985", "ano": "2023", "numero": "16", "tipo__sigla": "PLC", "tipo__descricao": "Projeto de Lei Complementar", "autoria": "ENEDINO PEREIRA FILHO", "texto_original": "http://sapl.limeiradooeste.mg.leg.br/media/sapl/public/materialegislativa/2023/3985/projleicomp16-2023-cisaosecretariaesporteanexo.pdf", "ementa": "DISP\u00d5E SOBRE A CIS\u00c3O NA SECRETARIA MUNICIPAL DE ESPORTE, LAZER E TURISMO DA PASTA DO TURISMO E SUA FUS\u00c3O NA SECRETARIA MUNICIPAL DE CULTURA, ALTERANDO A LEI COMPLEMENTAR N\u00ba 005/2002, E O ANEXO II, DA LEI COMPLEMENTAR N\u00b0 47/2016."}, {"id": "3612", "ano": "2023", "numero": "1", "tipo__sigla": "PLO", "tipo__descricao": "Projeto de Lei Ordin\u00e1ria", "autoria": "ENEDINO PEREIRA FILHO", "texto_original": "http://sapl.limeiradooeste.mg.leg.br/media/sapl/public/materialegislativa/2023/3612/projleiord01-2023.pdf", "ementa": "AUTORIZA O MUNIC\u00cdPIO DE LIMEIRA DO OESTE-MG, A CELEBRAR CONV\u00caNIOS, CONTRATOS, AJUSTES, TERMOS DE FOMENTO E COLABORA\u00c7\u00c3O, ACORDO DE COOPERA\u00c7\u00c3O E OUTROS INSTRUMENTOS CONG\u00caNERES COM A UNI\u00c3O, O ESTADO E OUTROS MUNIC\u00cdPIOS, BEM COMO COM AS ASSOCIA\u00c7\u00d5ES E CONFEDERA\u00c7\u00d5ES DE MUNIC\u00cdPIOS E AINDA COM AS PESSOAS JUR\u00cdDICAS DE DIREITO P\u00daBLICO OU PRIVADO."}, {"id": "3613", "ano": "2023", "numero": "2", "tipo__sigla": "PLO", "tipo__descricao": "Projeto de Lei Ordin\u00e1ria", "autoria": "ENEDINO PEREIRA FILHO", "texto_original": "http://sapl.limeiradooeste.mg.leg.br/media/sapl/public/materialegislativa/2023/3613/projleiord02-2023.pdf", "ementa": "AUTORIZA O PODER EXECUTIVO A FIRMAR CONV\u00caNIO, TERMO, CONTRATO OU OUTROS INSTRUMENTOS CONG\u00caNERES COM AS INSTITUI\u00c7\u00d5ES FINANCEIRAS QUE MENCIONA, VISANDO \u00c0 CONCESS\u00c3O DE EMPR\u00c9STIMOS AOS SEUS SERVIDORES P\u00daBLICOS EFETIVOS, COMISSIONADO E CONTRATADOS POR TEMPO DETERMINADO OU INDETERMINADO, COM PAGAMENTO MEDIANTE CONSIGNA\u00c7\u00c3O EM FOLHA DE PAGAMENTO."}, {"id": "3617", "ano": "2023", "numero": "3", "tipo__sigla": "PLO", "tipo__descricao": "Projeto de Lei Ordin\u00e1ria", "autoria": "ENEDINO PEREIRA FILHO", "texto_original": "http://sapl.limeiradooeste.mg.leg.br/media/sapl/public/materialegislativa/2023/3617/projleiord03-2023.pdf", "ementa": "ALTERA O \u00a7 5\u00b0, DO ARTIGO 4\u00b0 E O ANEXO II DA LEI 693, DE 30 DE DEZEMBRO DE 2013 E D\u00c1 OUTRAS PROVID\u00caNCIAS."}, {"id": "3624", "ano": "2023", "numero": "4", "tipo__sigla": "PLO", "tipo__descricao": "Projeto de Lei Ordin\u00e1ria", "autoria": "ENEDINO PEREIRA FILHO", "texto_original": "http://sapl.limeiradooeste.mg.leg.br/media/sapl/public/materialegislativa/2023/3624/projleiord04-2023-alteraleiord849.pdf", "ementa": "ALTERA A REDA\u00c7\u00c3O DO ART. 4\u00ba, DA LEI MUNICIPAL N\u00ba 849, DE 07 DE MAIO DE 2019, E D\u00c1 OUTRAS PROVID\u00caNCIAS."}, {"id": "3656", "ano": "2023", "numero": "5", "tipo__sigla": "PLO", "tipo__descricao": "Projeto de Lei Ordin\u00e1ria", "autoria": "ENEDINO PEREIRA FILHO", "texto_original": "http://sapl.limeiradooeste.mg.leg.br/media/sapl/public/materialegislativa/2023/3656/of54-2023-gp-projleiord05.pdf", "ementa": "ALTERA O ARTIGO 2\u00b0 DA LEI ORDIN\u00c1RIA N\u00b0 800, DE 23 DE NOVEMBRO DE 2017 E D\u00c1 OUTRAS PROVID\u00caNCIAS."}, {"id": "3657", "ano": "2023", "numero": "6", "tipo__sigla": "PLO", "tipo__descricao": "Projeto de Lei Ordin\u00e1ria", "autoria": "ENEDINO PEREIRA FILHO", "texto_original": "http://sapl.limeiradooeste.mg.leg.br/media/sapl/public/materialegislativa/2023/3657/of55-2023-gp-projleiord06.pdf", "ementa": "AUTORIZA A FORMALIZA\u00c7\u00c3O DE CONV\u00caNIO ENTRE O MUNIC\u00cdPIO DE LIMEIRA DO OESTE E A AG\u00caNCIA REGULADORA INTERMUNICIPAL DE SANEAMENTO DE MINAS GERAIS (ARISMIG)."}, {"id": "3687", "ano": "2023", "numero": "7", "tipo__sigla": "PLO", "tipo__descricao": "Projeto de Lei Ordin\u00e1ria", "autoria": "ENEDINO PEREIRA FILHO", "texto_original": "http://sapl.limeiradooeste.mg.leg.br/media/sapl/public/materialegislativa/2023/3687/of79-2023-gp-projleiord07.pdf", "ementa": "DISP\u00d5E SOBRE AUTORIZA\u00c7\u00c3O DE INCINERA\u00c7\u00c3O DE DOCUMENTOS NO ARQUIVO GERAL DA PREFEITURA MUNICIPAL, NA FORMA QUE ESPECIFICA E D\u00c1 OUTRAS PROVID\u00caNCIAS."}, {"id": "3688", "ano": "2023", "numero": "8", "tipo__sigla": "PLO", "tipo__descricao": "Projeto de Lei Ordin\u00e1ria", "autoria": "ENEDINO PEREIRA FILHO", "texto_original": "http://sapl.limeiradooeste.mg.leg.br/media/sapl/public/materialegislativa/2023/3688/of79-2023-gp-projleiord-08.pdf", "ementa": "ESTABELECE O PROCEDIMENTO DE DESTINO PARA OS BENS M\u00d3VEIS INSERV\u00cdVEIS, SUCATEADOS E N\u00c3O APROVEITADOS, PERTENCENTES \u00c0 ADMINISTRA\u00c7\u00c3O P\u00daBLICA MUNICIPAL."}, {"id": "3689", "ano": "2023", "numero": "9", "tipo__sigla": "PLO", "tipo__descricao": "Projeto de Lei Ordin\u00e1ria", "autoria": "ENEDINO PEREIRA FILHO", "texto_original": "http://sapl.limeiradooeste.mg.leg.br/media/sapl/public/materialegislativa/2023/3689/of79-2023-gp-projleiord09.pdf", "ementa": "DISP\u00d5E SOBRE A LEI QUE INSTITUI A POL\u00cdTICA MUNICIPAL DE ATENDIMENTO DOS DIREITOS DA CRIAN\u00c7A E DO ADOLESCENTE E D\u00c1 OUTRAS PROVID\u00caNCIAS."}, {"id": "3710", "ano": "2023", "numero": "10", "tipo__sigla": "PLO", "tipo__descricao": "Projeto de Lei Ordin\u00e1ria", "autoria": "ENEDINO PEREIRA FILHO", "texto_original": "http://sapl.limeiradooeste.mg.leg.br/media/sapl/public/materialegislativa/2023/3710/projleiord10-2023-ldo-2024anexos.pdf", "ementa": "DISP\u00d5E SOBRE AS DIRETRIZES PARA A ELABORA\u00c7\u00c3O E A EXECU\u00c7\u00c3O DA LEI OR\u00c7AMENT\u00c1RIA PARA O EXERC\u00cdCIO FINANCEIRO DE 2024 E D\u00c1 OUTRAS PROVID\u00caNCIAS."}, {"id": "3711", "ano": "2023", "numero": "11", "tipo__sigla": "PLO", "tipo__descricao": "Projeto de Lei Ordin\u00e1ria", "autoria": "ENEDINO PEREIRA FILHO", "texto_original": "http://sapl.limeiradooeste.mg.leg.br/media/sapl/public/materialegislativa/2023/3711/projleiord11-2023-ruacrianca.pdf", "ementa": "INSTITUI O \"PROJETO RUA DA CRIAN\u00c7A - LAZER E INTERATIVIDADES\", E D\u00c1 OUTRAS PROVID\u00caNCIAS."}, {"id": "3742", "ano": "2023", "numero": "12", "tipo__sigla": "PLO", "tipo__descricao": "Projeto de Lei Ordin\u00e1ria", "autoria": "ENEDINO PEREIRA FILHO", "texto_original": "http://sapl.limeiradooeste.mg.leg.br/media/sapl/public/materialegislativa/2023/3742/projleiord12-2023-controlecaesegatos.pdf", "ementa": "DISP\u00d5E SOBRE A CRIA\u00c7\u00c3O DO PROGRAMA E CONTROLE \u00c9TICO DAS POPULA\u00c7\u00d5ES DE C\u00c3ES E GATOS NO MUNIC\u00cdPIO DE LIMEIRA DO OESTE, NA FORMA QUE MENCIONA E D\u00c1 OUTRAS PROVID\u00caNCIAS."}, {"id": "3758", "ano": "2023", "numero": "13", "tipo__sigla": "PLO", "tipo__descricao": "Projeto de Lei Ordin\u00e1ria", "autoria": "ENEDINO PEREIRA FILHO", "texto_original": "http://sapl.limeiradooeste.mg.leg.br/media/sapl/public/materialegislativa/2023/3758/projleiordinaria13-2023-desafeta.pdf", "ementa": "DESAFETA IM\u00d3VEL P\u00daBLICO QUE MENCIONA E D\u00c1 OUTRAS PROVID\u00caNCIAS."}, {"id": "3772", "ano": "2023", "numero": "14", "tipo__sigla": "PLO", "tipo__descricao": "Projeto de Lei Ordin\u00e1ria", "autoria": "ENEDINO PEREIRA FILHO", "texto_original": "http://sapl.limeiradooeste.mg.leg.br/media/sapl/public/materialegislativa/2023/3772/projleiord14-2023-aberturacredito-novo.pdf", "ementa": "DISP\u00d5E SOBRE ABERTURA DE CR\u00c9DITO ADICIONAL SUPLEMENTAR NO OR\u00c7AMENTO VIGENTE E RETIFICA TABELA DAS ENTIDADES CONTEMPLADAS COM CONTRIBUI\u00c7\u00c3O SOCIAL E D\u00c1 OUTRAS PROVID\u00caNCIAS."}, {"id": "3773", "ano": "2023", "numero": "15", "tipo__sigla": "PLO", "tipo__descricao": "Projeto de Lei Ordin\u00e1ria", "autoria": "ENEDINO PEREIRA FILHO", "texto_original": "http://sapl.limeiradooeste.mg.leg.br/media/sapl/public/materialegislativa/2023/3773/projleiord15-2023-aberturacreditosuplementar.pdf", "ementa": "AUTORIZA O MUNIC\u00cdPIO DE LIMEIRA DO OESTE/MG, ABRIR CR\u00c9DITOS ADICIONAIS SUPLEMENTARES NO OR\u00c7AMENTO DE 2023."}, {"id": "3779", "ano": "2023", "numero": "16", "tipo__sigla": "PLO", "tipo__descricao": "Projeto de Lei Ordin\u00e1ria", "autoria": "ENEDINO PEREIRA FILHO", "texto_original": "http://sapl.limeiradooeste.mg.leg.br/media/sapl/public/materialegislativa/2023/3779/projleiord16-2023-aberturacreditosuplementar-salasaula-novo.pdf", "ementa": "DISP\u00d5E SOBRE ABERTURA DE CR\u00c9DITO ADICIONAL SUPLEMENTAR NO OR\u00c7AMENTO VIGENTE E DA OUTRAS PROVID\u00caNCIAS."}, {"id": "3780", "ano": "2023", "numero": "17", "tipo__sigla": "PLO", "tipo__descricao": "Projeto de Lei Ordin\u00e1ria", "autoria": "ENEDINO PEREIRA FILHO", "texto_original": "http://sapl.limeiradooeste.mg.leg.br/media/sapl/public/materialegislativa/2023/3780/projleiord17-2023-ratificaacordodefensoriapublica.pdf", "ementa": "RATIFICA O ACORDO DE COOPERA\u00c7\u00c3O T\u00c9CNICA N\u00b0 09/2023 FIRMADO ENTRE MUNIC\u00cdPIO DE LIMEIRA DO OESTE E A DEFENSORIA P\u00daBLICA - DPMG DO ESTADO DE MINAS GERAIS."}, {"id": "3781", "ano": "2023", "numero": "18", "tipo__sigla": "PLO", "tipo__descricao": "Projeto de Lei Ordin\u00e1ria", "autoria": "ENEDINO PEREIRA FILHO", "texto_original": "http://sapl.limeiradooeste.mg.leg.br/media/sapl/public/materialegislativa/2023/3781/projleiord18-2023-alteralei1037-novo.pdf", "ementa": "ALTERA A REDA\u00c7\u00c3O DOS INCISOS III E VI E DO PAR\u00c1GRAFO 2\u00b0 DO ART. 4\u00b0, DA LEI MUNICIPAL N\u00b0 1.037, DE 23 DE MAIO DE 2023."}, {"id": "3791", "ano": "2023", "numero": "19", "tipo__sigla": "PLO", "tipo__descricao": "Projeto de Lei Ordin\u00e1ria", "autoria": "ENEDINO PEREIRA FILHO", "texto_original": "http://sapl.limeiradooeste.mg.leg.br/media/sapl/public/materialegislativa/2023/3791/projleiord19-2023-servicosfunerarios.pdf", "ementa": "DISP\u00d5E SOBRE A REGULAMENTA\u00c7\u00c3O DOS SERVI\u00c7OS FUNER\u00c1RIOS, AUTORIZA O PODER EXECUTIVO MUNICIPAL A DELEGAR, MEDIANTE LICITA\u00c7\u00c3O OS SERVI\u00c7OS P\u00daBLICOS FUNER\u00c1RIOS, NA FORMA QUE ESPECIFICA E D\u00c1 OUTRAS PROVID\u00caNCIAS."}, {"id": "3817", "ano": "2023", "numero": "20", "tipo__sigla": "PLO", "tipo__descricao": "Projeto de Lei Ordin\u00e1ria", "autoria": "ENEDINO PEREIRA FILHO", "texto_original": "http://sapl.limeiradooeste.mg.leg.br/media/sapl/public/materialegislativa/2023/3817/projleiord20-2023-aberturacredito20.pdf", "ementa": "DISP\u00d5E SOBRE ALTERA\u00c7\u00d5ES NAS LEIS MUNICIPAIS N\u00ba 997/2022 E N\u00ba 1013/2022 E D\u00c1 OUTRAS PROVID\u00caNCIAS."}, {"id": "3818", "ano": "2023", "numero": "21", "tipo__sigla": "PLO", "tipo__descricao": "Projeto de Lei Ordin\u00e1ria", "autoria": "ENEDINO PEREIRA FILHO", "texto_original": "http://sapl.limeiradooeste.mg.leg.br/media/sapl/public/materialegislativa/2023/3818/projleiord21-2023-transf.contr.sindicato.pdf", "ementa": "DISP\u00d5E SOBRE AUTORIZA\u00c7\u00c3O PARA TRANSFER\u00caNCIA DE CONTRIBUI\u00c7\u00c3O AO SINDICATO DOS PRODUTORES RURAIS DE LIMEIRA DO OESTE, BEM COMO ABERTURA DE CR\u00c9DITO ADICIONAL SUPLEMENTAR E DA OUTRAS PROVID\u00caNCIAS."}, {"id": "3824", "ano": "2023", "numero": "22", "tipo__sigla": "PLO", "tipo__descricao": "Projeto de Lei Ordin\u00e1ria", "autoria": "ENEDINO PEREIRA FILHO", "texto_original": "http://sapl.limeiradooeste.mg.leg.br/media/sapl/public/materialegislativa/2023/3824/of174-2023-gp-projetoleiord22-2023.pdf", "ementa": "AUTORIZA O MUNIC\u00cdPIO DE LIMEIRA DO OESTE A ABRIR CR\u00c9DITO ADICIONAL SUPLEMENTAR NO OR\u00c7AMENTO DE 2023."}, {"id": "3843", "ano": "2023", "numero": "23", "tipo__sigla": "PLO", "tipo__descricao": "Projeto de Lei Ordin\u00e1ria", "autoria": "ENEDINO PEREIRA FILHO", "texto_original": "http://sapl.limeiradooeste.mg.leg.br/media/sapl/public/materialegislativa/2023/3843/of184-2023-gp-projleiordinaria23.pdf", "ementa": "AUTORIZA O MUNIC\u00cdPIO DE LIMEIRA DO OESTE A ABRIR CR\u00c9DITOS ADICIONAIS SUPLEMENTARES NO OR\u00c7AMENTO DE 2023."}, {"id": "3851", "ano": "2023", "numero": "24", "tipo__sigla": "PLO", "tipo__descricao": "Projeto de Lei Ordin\u00e1ria", "autoria": "ENEDINO PEREIRA FILHO", "texto_original": "http://sapl.limeiradooeste.mg.leg.br/media/sapl/public/materialegislativa/2023/3851/projleiord24-2023-casaartesao-cit.pdf", "ementa": "CRIA A CASA DO ARTES\u00c3O LIMEIRENSE E O CIT - CENTRO DE INFORMA\u00c7\u00c3O AO TURISTA, E D\u00c1 OUTRAS PROVID\u00caNCIAS."}, {"id": "3868", "ano": "2023", "numero": "25", "tipo__sigla": "PLO", "tipo__descricao": "Projeto de Lei Ordin\u00e1ria", "autoria": "ENEDINO PEREIRA FILHO", "texto_original": "http://sapl.limeiradooeste.mg.leg.br/media/sapl/public/materialegislativa/2023/3868/projleiord25-2023-repassesindicato.pdf", "ementa": "DISP\u00d5E SOBRE AUTORIZA\u00c7\u00c3O PARA TRANSFER\u00caNCIA DE CONTRIBUI\u00c7\u00c3O AO SINDICATO DOS PRODUTORES RURAIS DE LIMEIRA DO OESTE, BEM COMO ABERTURA DE CR\u00c9DITO ADICIONAL SUPLEMENTAR E DA OUTRAS PROVID\u00caNCIAS"}, {"id": "3869", "ano": "2023", "numero": "26", "tipo__sigla": "PLO", "tipo__descricao": "Projeto de Lei Ordin\u00e1ria", "autoria": "ENEDINO PEREIRA FILHO", "texto_original": "http://sapl.limeiradooeste.mg.leg.br/media/sapl/public/materialegislativa/2023/3869/projleiord26-2023-pagtoservidoressaude.pdf", "ementa": "AUTORIZA O MUNIC\u00cdPIO DE LIMEIRA DO OESTE A ABRIR CR\u00c9DITOS ADICIONAIS SUPLEMENTARES NO OR\u00c7AMENTO DE 2023"}, {"id": "3870", "ano": "2023", "numero": "27", "tipo__sigla": "PLO", "tipo__descricao": "Projeto de Lei Ordin\u00e1ria", "autoria": "ENEDINO PEREIRA FILHO", "texto_original": "http://sapl.limeiradooeste.mg.leg.br/media/sapl/public/materialegislativa/2023/3870/projleiord27-2023-pagtoservidoreseducacao.pdf", "ementa": "AUTORIZA O MUNIC\u00cdPIO DE LIMEIRA DO OESTE A ABRIR CR\u00c9DITOS ADICIONAIS SUPLEMENTARES NO OR\u00c7AMENTO DE 2023."}, {"id": "3871", "ano": "2023", "numero": "28", "tipo__sigla": "PLO", "tipo__descricao": "Projeto de Lei Ordin\u00e1ria", "autoria": "ENEDINO PEREIRA FILHO", "texto_original": "http://sapl.limeiradooeste.mg.leg.br/media/sapl/public/materialegislativa/2023/3871/projleiord28-2023-pagtoservidoreseducacao-fundeb.pdf", "ementa": "AUTORIZA O MUNIC\u00cdPIO DE LIMEIRA DO OESTE A ABRIR CR\u00c9DITOS ADICIONAIS SUPLEMENTARES NO OR\u00c7AMENTO DE 2023."}, {"id": "3872", "ano": "2023", "numero": "29", "tipo__sigla": "PLO", "tipo__descricao": "Projeto de Lei Ordin\u00e1ria", "autoria": "ENEDINO PEREIRA FILHO", "texto_original": "http://sapl.limeiradooeste.mg.leg.br/media/sapl/public/materialegislativa/2023/3872/projleiord29-2023-altera_lei_990-_diretor-vice_opt.pdf", "ementa": "ALTERA A REDA\u00c7\u00c3O DO ART. 12 E ART.16 DA LEI No 990, DE 02 DE SETEMBRO DE 2022 QUE \u201cESTABELECE CRIT\u00c9RIOS E CONDI\u00c7\u00d5ES PARA A ESCOLHA DE DIRETOR ESCOLAR OU COORDENADOR ESCOLAR, BEM COMO DE VICE-DIRETOR ESCOLAR, DAS UNIDADES ESCOLARES DA REDE MUNICIPAL DE ENSINO DE LIMEIRA DO OESTE-MG, MEDIANTE CRIT\u00c9RIOS T\u00c9CNICOS DE M\u00c9RITO E DESEMPENHO, NA FORMA QUE MENCIONA E D\u00c1 OUTRAS PROVID\u00caNCIAS."}, {"id": "3873", "ano": "2023", "numero": "30", "tipo__sigla": "PLO", "tipo__descricao": "Projeto de Lei Ordin\u00e1ria", "autoria": "ENEDINO PEREIRA FILHO", "texto_original": "http://sapl.limeiradooeste.mg.leg.br/media/sapl/public/materialegislativa/2023/3873/projleiord30-2023-cessaobempublico-braz.pdf", "ementa": "AUTORIZA A CONCESS\u00c3O DE USO DE BEM P\u00daBLICO MUNICIPAL A PESSOA CARENTE QUE MENCIONA, E D\u00c1 OUTRAS PROVID\u00caNCIAS."}, {"id": "3876", "ano": "2023", "numero": "31", "tipo__sigla": "PLO", "tipo__descricao": "Projeto de Lei Ordin\u00e1ria", "autoria": "ENEDINO PEREIRA FILHO", "texto_original": "http://sapl.limeiradooeste.mg.leg.br/media/sapl/public/materialegislativa/2023/3876/projleiord31-2023-aprendendoempreender.pdf", "ementa": "CRIA O PROGRAMA MUNICIPAL DE APOIO AOS PEQUENOS NEG\u00d3CIOS - APRENDENDO A EMPREENDER E DETERMINA OUTRAS PROVID\u00caNCIAS."}, {"id": "3888", "ano": "2023", "numero": "32", "tipo__sigla": "PLO", "tipo__descricao": "Projeto de Lei Ordin\u00e1ria", "autoria": "ENEDINO PEREIRA FILHO", "texto_original": "http://sapl.limeiradooeste.mg.leg.br/media/sapl/public/materialegislativa/2023/3888/projleiord32-2023-atividadesculturais39.41354.pdf", "ementa": "AUTORIZA O MUNIC\u00cdPIO DE LIMEIRA DO OESTE A ABRIR CR\u00c9DITOS ADICIONAIS ESPECIAIS NO OR\u00c7AMENTO DE 2023."}, {"id": "3889", "ano": "2023", "numero": "33", "tipo__sigla": "PLO", "tipo__descricao": "Projeto de Lei Ordin\u00e1ria", "autoria": "ENEDINO PEREIRA FILHO", "texto_original": "http://sapl.limeiradooeste.mg.leg.br/media/sapl/public/materialegislativa/2023/3889/projleiord33-2023-loa-2024.pdf", "ementa": "ESTIMA A RECEITA E FIXA A DESPESA DO MUNIC\u00cdPIO DE LIMEIRA DO OESTE - MG, PARA O EXERC\u00cdCIO FINANCEIRO DE 2024."}, {"id": "3890", "ano": "2023", "numero": "34", "tipo__sigla": "PLO", "tipo__descricao": "Projeto de Lei Ordin\u00e1ria", "autoria": "ENEDINO PEREIRA FILHO", "texto_original": "http://sapl.limeiradooeste.mg.leg.br/media/sapl/public/materialegislativa/2023/3890/projleiord34-2023-subvencaocontribuicao.pdf", "ementa": "INSTITUI SUBVEN\u00c7\u00d5ES SOCIAIS E CONTRIBUI\u00c7\u00d5ES MUNICIPAIS PARA O EXERC\u00cdCIO FINANCEIRO DE 2024, E D\u00c1 OUTRAS PROVID\u00caNCIAS."}, {"id": "3894", "ano": "2023", "numero": "35", "tipo__sigla": "PLO", "tipo__descricao": "Projeto de Lei Ordin\u00e1ria", "autoria": "ENEDINO PEREIRA FILHO", "texto_original": "http://sapl.limeiradooeste.mg.leg.br/media/sapl/public/materialegislativa/2023/3894/projleiord35-2023-faz.barreiropa-faz-paraisoiii.pdf", "ementa": "DISP\u00d5E SOBRE ABERTURA DE CR\u00c9DITO ADICIONAL SUPLEMENTAR NO OR\u00c7AMENTO VIGENTE E RETIFICA TABELA DAS ENTIDADES CONTEMPLADAS COM CONTRIBUI\u00c7\u00c3O SOCIAL E D\u00c1 OUTRAS PROVID\u00caNCIAS."}, {"id": "3909", "ano": "2023", "numero": "36", "tipo__sigla": "PLO", "tipo__descricao": "Projeto de Lei Ordin\u00e1ria", "autoria": "ENEDINO PEREIRA FILHO", "texto_original": "http://sapl.limeiradooeste.mg.leg.br/media/sapl/public/materialegislativa/2023/3909/projleiord36-taxi-mototaxi.pdf", "ementa": "REGULAMENTA O SERVI\u00c7O DE TRANSPORTE INDIVIDUAL DE PASSAGEIROS EM VE\u00cdCULO DE ALUGUEL, NAS MODALIDADES T\u00c1XI, MOTOT\u00c1XI, MOTOFRETE, MOTOBOY E SERVI\u00c7O DE TRANSPORTE MOTORIZADO PRIVADO E REMUNERADO DE PASSAGEIROS POR APLICATIVOS, E D\u00c1 OUTRAS PROVID\u00caNCIAS."}, {"id": "3911", "ano": "2023", "numero": "37", "tipo__sigla": "PLO", "tipo__descricao": "Projeto de Lei Ordin\u00e1ria", "autoria": "ENEDINO PEREIRA FILHO", "texto_original": "http://sapl.limeiradooeste.mg.leg.br/media/sapl/public/materialegislativa/2023/3911/projleiord37-aberturacredito25.pdf", "ementa": "DISP\u00d5E SOBRE ALTERA\u00c7\u00d5ES NAS LEIS MUNICIPAIS N\u00ba 997/2022 E N\u00ba 1013/2022 E D\u00c1 OUTRAS PROVID\u00caNCIAS."}, {"id": "3924", "ano": "2023", "numero": "38", "tipo__sigla": "PLO", "tipo__descricao": "Projeto de Lei Ordin\u00e1ria", "autoria": "ENEDINO PEREIRA FILHO", "texto_original": "http://sapl.limeiradooeste.mg.leg.br/media/sapl/public/materialegislativa/2023/3924/projleiord38-anelviario-1.530.000.pdf", "ementa": "AUTORIZA O MUNIC\u00cdPIO DE LIMEIRA DO OESTE A ABRIR CR\u00c9DITO ADICIONAL SUPLEMENTAR NO OR\u00c7AMENTO DE 2023."}, {"id": "3925", "ano": "2023", "numero": "39", "tipo__sigla": "PLO", "tipo__descricao": "Projeto de Lei Ordin\u00e1ria", "autoria": "ENEDINO PEREIRA FILHO", "texto_original": "http://sapl.limeiradooeste.mg.leg.br/media/sapl/public/materialegislativa/2023/3925/projleiord39-maquinaequipamentos-573.000.pdf", "ementa": "DISP\u00d5E SOBRE ABERTURA DE CR\u00c9DITO ADICIONAL SUPLEMENTAR NO OR\u00c7AMENTO VIGENTE E D\u00c1 OUTRAS PROVID\u00caNCIAS."}, {"id": "3928", "ano": "2023", "numero": "40", "tipo__sigla": "PLO", "tipo__descricao": "Projeto de Lei Ordin\u00e1ria", "autoria": "ENEDINO PEREIRA FILHO", "texto_original": "http://sapl.limeiradooeste.mg.leg.br/media/sapl/public/materialegislativa/2023/3928/projeto_de_lei_no_40-10-2023-_altera_a_lei_ordinaria_no_886anexo.pdf", "ementa": "ALTERA O PLANO MUNICIPAL PARA A INF\u00c2NCIA E A ADOLESC\u00caNCIA INSTITU\u00cdDO PELA LEI ORDIN\u00c1RIA N\u00ba 886, DE 10 DE FEVEREIRO DE 2020 E D\u00c1 OUTRAS PROVID\u00caNCIAS."}, {"id": "3946", "ano": "2023", "numero": "41", "tipo__sigla": "PLO", "tipo__descricao": "Projeto de Lei Ordin\u00e1ria", "autoria": "ENEDINO PEREIRA FILHO", "texto_original": "http://sapl.limeiradooeste.mg.leg.br/media/sapl/public/materialegislativa/2023/3946/projleiord41-2023-alteraleiord753-doacao-marineuza.pdf", "ementa": "ALTERA A REDA\u00c7\u00c3O DOS ARTIGOS 4\u00ba E 5\u00ba DA LEI N\u00ba 753, DE 19 DE FEVEREIRO DE 2016, QUE \"AUTORIZA A DOA\u00c7\u00c3O DO LOTE 07, DA QUADRA J15, DO BAIRRO BELA VISTA, \u00c0 PESSOA CARENTE QUE MENCIONA E D\u00c1 OUTRAS PROVID\u00caNCIAS."}, {"id": "3947", "ano": "2023", "numero": "42", "tipo__sigla": "PLO", "tipo__descricao": "Projeto de Lei Ordin\u00e1ria", "autoria": "ENEDINO PEREIRA FILHO", "texto_original": "http://sapl.limeiradooeste.mg.leg.br/media/sapl/public/materialegislativa/2023/3947/projleiord42-2023-protecaocomunidades-circense-cigana-terreiro.pdf", "ementa": "DISP\u00d5E SOBRE A PROTE\u00c7\u00c3O DAS COMUNIDADES TRADICIONAIS NO MUNIC\u00cdPIO DE LIMEIRA DO OESTE E D\u00c1 OUTRAS PROVID\u00caNCIAS."}, {"id": "3952", "ano": "2023", "numero": "43", "tipo__sigla": "PLO", "tipo__descricao": "Projeto de Lei Ordin\u00e1ria", "autoria": "ENEDINO PEREIRA FILHO", "texto_original": "http://sapl.limeiradooeste.mg.leg.br/media/sapl/public/materialegislativa/2023/3952/projleiord43-2023-direitopropriedade.pdf", "ementa": "AUTORIZA O MUNIC\u00cdPIO DE LIMEIRA DO OESTE/MG A PROMOVER A REGULARIZA\u00c7\u00c3O DO DIREITO DE PROPRIEDADE RELATIVAMENTE AO IM\u00d3VEL QUE MENCIONA E D\u00c1 OUTRAS PROVID\u00caNCIAS."}, {"id": "3964", "ano": "2023", "numero": "44", "tipo__sigla": "PLO", "tipo__descricao": "Projeto de Lei Ordin\u00e1ria", "autoria": "ENEDINO PEREIRA FILHO", "texto_original": "http://sapl.limeiradooeste.mg.leg.br/media/sapl/public/materialegislativa/2023/3964/projleiord44-aberturacredito25.pdf", "ementa": "DISP\u00d5E SOBRE ALTERA\u00c7\u00d5ES NAS LEIS MUNICIPAIS N\u00ba 997/2022 E N\u00ba 1013/2022 E D\u00c1 OUTRAS PROVID\u00caNCIAS."}, {"id": "3997", "ano": "2023", "numero": "45", "tipo__sigla": "PLO", "tipo__descricao": "Projeto de Lei Ordin\u00e1ria", "autoria": "ENEDINO PEREIRA FILHO", "texto_original": "http://sapl.limeiradooeste.mg.leg.br/media/sapl/public/materialegislativa/2023/3997/projleiord45-aberturacredito.pdf", "ementa": "DISP\u00d5E SOBRE ALTERA\u00c7\u00d5ES NAS LEIS MUNICIPAIS N\u00b0 997/2022 E N\u00b0 1.013/2022 E D\u00c1\r\nOUTRAS PROVID\u00caNCIAS."}, {"id": "3619", "ano": "2023", "numero": "1", "tipo__sigla": "PLOL", "tipo__descricao": "Projeto de Lei Ordin\u00e1ria do Legislativo", "autoria": "", "texto_original": "http://sapl.limeiradooeste.mg.leg.br/media/sapl/public/materialegislativa/2023/3619/plol01-2023.pdf", "ementa": "DENOMINA DE \"\u00c1UREA SOARES DE QUEIROZ\" A SALA DE RAIO X DO MUNIC\u00cdPIO DE LIMEIRA DO OESTE/MG, E D\u00c1 OUTRAS PROVID\u00caNCIAS."}, {"id": "3620", "ano": "2023", "numero": "2", "tipo__sigla": "PLOL", "tipo__descricao": "Projeto de Lei Ordin\u00e1ria do Legislativo", "autoria": "", "texto_original": "http://sapl.limeiradooeste.mg.leg.br/media/sapl/public/materialegislativa/2023/3620/plol02-2023.pdf", "ementa": "DENOMINA DE \"APARECIDA DO CARMO SPONTAN\" A SALA DE ULTRASSONOGRAFIA DO MUNIC\u00cdPIO DE LIMEIRA DO OESTE, E D\u00c1 OUTRAS PROVID\u00caNCIAS."}, {"id": "3621", "ano": "2023", "numero": "3", "tipo__sigla": "PLOL", "tipo__descricao": "Projeto de Lei Ordin\u00e1ria do Legislativo", "autoria": "", "texto_original": "http://sapl.limeiradooeste.mg.leg.br/media/sapl/public/materialegislativa/2023/3621/03-2023-revisao_servidores.pdf", "ementa": "CONCEDE REVIS\u00c3O GERAL ANUAL E REAJUSTE DAS REMUNERA\u00c7\u00d5ES DOS SERVIDORES P\u00daBLICOS MUNICIPAIS DA C\u00c2MARA MUNICIPAL DE LIMEIRA DO OESTE, ESTADO DE MINAS GERAIS."}, {"id": "3622", "ano": "2023", "numero": "4", "tipo__sigla": "PLOL", "tipo__descricao": "Projeto de Lei Ordin\u00e1ria do Legislativo", "autoria": "", "texto_original": "http://sapl.limeiradooeste.mg.leg.br/media/sapl/public/materialegislativa/2023/3622/plol04-2023.pdf", "ementa": "CONCEDE REVIS\u00c3O GERAL E REAJUSTE ANUAL AOS VENCIMENTOS DO PREFEITO, VICE-PREFEITO E SECRET\u00c1RIOS MUNICIPAIS DE LIMEIRA DO OESTE, ESTADO DE MINAS GERAIS."}, {"id": "3623", "ano": "2023", "numero": "5", "tipo__sigla": "PLOL", "tipo__descricao": "Projeto de Lei Ordin\u00e1ria do Legislativo", "autoria": "JUNINHO DA FARMACIA", "texto_original": "http://sapl.limeiradooeste.mg.leg.br/media/sapl/public/materialegislativa/2023/3623/plol05-2023.pdf", "ementa": "ALTERA EMENTA E ART. 1\u00ba DA LEI ORDIN\u00c1RIA N\u00ba 931/2021."}, {"id": "3626", "ano": "2023", "numero": "6", "tipo__sigla": "PLOL", "tipo__descricao": "Projeto de Lei Ordin\u00e1ria do Legislativo", "autoria": "", "texto_original": "http://sapl.limeiradooeste.mg.leg.br/media/sapl/public/materialegislativa/2023/3626/plol06-2023.pdf", "ementa": "DISP\u00d5E SOBRE ALTERA\u00c7\u00c3O DOS VALORES DO ANEXO II, DA LEI N\u00ba 670/2013, QUE \u201cAUTORIZA A CONCESS\u00c3O DE DI\u00c1RIAS E ADIANTAMENTOS AO PRESIDENTE DA C\u00c2MARA, VEREADORES, SERVIDORES, PRESTADORES DE SERVI\u00c7O E MEMBROS DE COMISS\u00d5ES DO PODER LEGISLATIVO DE LIMEIRA DO OESTE-MG.\u201d"}, {"id": "3628", "ano": "2023", "numero": "7", "tipo__sigla": "PLOL", "tipo__descricao": "Projeto de Lei Ordin\u00e1ria do Legislativo", "autoria": "", "texto_original": "http://sapl.limeiradooeste.mg.leg.br/media/sapl/public/materialegislativa/2023/3628/plol07-2023.pdf", "ementa": "CONCEDE REVIS\u00c3O GERAL E REAJUSTE ANUAL AOS VENCIMENTOS DOS CONSELHEIROS TUTELARES DO MUNIC\u00cdPIO DE LIMEIRA DO OESTE, ESTADO DE MINAS GERAIS."}, {"id": "3640", "ano": "2023", "numero": "8", "tipo__sigla": "PLOL", "tipo__descricao": "Projeto de Lei Ordin\u00e1ria do Legislativo", "autoria": "CELITA", "texto_original": "http://sapl.limeiradooeste.mg.leg.br/media/", "ementa": "CONCEDE REVIS\u00c3O GERAL ANUAL AOS VENCIMENTOS DO PREFEITO, VICE-PREFEITO E SECRET\u00c1RIOS DO MUNIC\u00cdPIO DE LIMEIRA DO OESTE-MG"}, {"id": "3642", "ano": "2023", "numero": "9", "tipo__sigla": "PLOL", "tipo__descricao": "Projeto de Lei Ordin\u00e1ria do Legislativo", "autoria": "", "texto_original": "http://sapl.limeiradooeste.mg.leg.br/media/", "ementa": "ALTERA O ART, 5\u00ba E REVOGA ANEXO II DA LEI N\u00ba 1.022, DE 24 DE JANEIRO DE 2023, QUE \u201cCONCEDE REVIS\u00c3O GERAL ANUAL E REAJUSTE DAS REMUNERA\u00c7\u00d5ES DOS SERVIDORES P\u00daBLICOS MUNICIPAIS DA C\u00c2MARA MUNICIPAL DE LIMEIRA DO OESTE, ESTADO DE MINAS GERAIS.\u201d"}, {"id": "3658", "ano": "2023", "numero": "10", "tipo__sigla": "PLOL", "tipo__descricao": "Projeto de Lei Ordin\u00e1ria do Legislativo", "autoria": "", "texto_original": "http://sapl.limeiradooeste.mg.leg.br/media/", "ementa": "ALTERA O ART, 3\u00ba E REVOGA ANEXO II DA LEI N\u00ba 1.024, DE 24 DE JANEIRO DE 2023, QUE \u201cCONCEDE REVIS\u00c3O GERAL E REAJUSTE ANUAL AOS VENCIMENTOS DOS CONSELHEIROS TUTELARES DO MUNIC\u00cdPIO DE LIMEIRA DO OESTE, ESTADO DE MINAS GERAIS.\u201d"}, {"id": "3690", "ano": "2023", "numero": "11", "tipo__sigla": "PLOL", "tipo__descricao": "Projeto de Lei Ordin\u00e1ria do Legislativo", "autoria": "JUNINHO DA FARMACIA", "texto_original": "http://sapl.limeiradooeste.mg.leg.br/media/sapl/public/materialegislativa/2023/3690/11-2023-equipamentos_saude_1_-_ver._juninho.pdf", "ementa": "DISP\u00d5E SOBRE A CRIA\u00c7\u00c3O DO CENTRO MUNICIPAL DE CONCESS\u00c3O DE USO DE EQUIPAMENTOS M\u00c9DICOS E HOSPITALARES PARA CUIDADOS EM DOMICILIO NO MUNIC\u00cdPIO DE LIMEIRA DO OESTE MG E D\u00c1 OUTRAS PROVID\u00caNCIAS."}, {"id": "3709", "ano": "2023", "numero": "12", "tipo__sigla": "PLOL", "tipo__descricao": "Projeto de Lei Ordin\u00e1ria do Legislativo", "autoria": "AILTO MORAES", "texto_original": "http://sapl.limeiradooeste.mg.leg.br/media/sapl/public/materialegislativa/2023/3709/12-2023-ailto-detector_metais.pdf", "ementa": "TORNA OBRIGAT\u00d3RIA A INSTALA\u00c7\u00c3O DE PORTAIS DE DETECTORES DE METAIS NAS ESCOLAS DA REDE P\u00daBLICA MUNICIPAL."}, {"id": "3747", "ano": "2023", "numero": "13", "tipo__sigla": "PLOL", "tipo__descricao": "Projeto de Lei Ordin\u00e1ria do Legislativo", "autoria": "AILTO MORAES, ANTONIO LUIZ, CELITA, DUNGA, EBERTON SUINO, JUNINHO DA FARMACIA, TIA LAINY, TI\u00c3O ARARA, WILLIAM BOZZA", "texto_original": "http://sapl.limeiradooeste.mg.leg.br/media/sapl/public/materialegislativa/2023/3747/plol13-2023_opt.pdf", "ementa": "DENOMINA DE \"GERALDO TOMAZ DE QUEIROZ\" A PRA\u00c7A P\u00daBLICA NO BAIRRO JARDIM PARA\u00cdSO I, MUNIC\u00cdPIO DE LIMEIRA DO OESTE/MG, E D\u00c1 OUTRAS PROVID\u00caNCIAS."}, {"id": "3748", "ano": "2023", "numero": "14", "tipo__sigla": "PLOL", "tipo__descricao": "Projeto de Lei Ordin\u00e1ria do Legislativo", "autoria": "AILTO MORAES, ANTONIO LUIZ, CELITA, DUNGA, EBERTON SUINO, JUNINHO DA FARMACIA, TIA LAINY, TI\u00c3O ARARA, WILLIAM BOZZA", "texto_original": "http://sapl.limeiradooeste.mg.leg.br/media/sapl/public/materialegislativa/2023/3748/23-denominacaovigilanciaambiental-lourdes.odt", "ementa": "DENOMINA DE \"MARIA LOURDES FERREIRA DE ANDRADE\" A UNIDADE DE VIGIL\u00c2NCIA AMBIENTAL EM SA\u00daDE, NO MUNIC\u00cdPIO DE LIMEIRA DO OESTE/MG, E D\u00c1 OUTRAS PROVID\u00caNCIAS."}, {"id": "3893", "ano": "2023", "numero": "15", "tipo__sigla": "PLOL", "tipo__descricao": "Projeto de Lei Ordin\u00e1ria do Legislativo", "autoria": "TIA LAINY", "texto_original": "http://sapl.limeiradooeste.mg.leg.br/media/sapl/public/materialegislativa/2023/3893/plol15-2023.pdf", "ementa": "AUTORIZA O PODER EXECUTIVO A INSTITUIR A SEMANA MUNICIPAL DE PREVEN\u00c7\u00c3O DA GRAVIDEZ NA ADOLESC\u00caNCIA NA REDE P\u00daBLICA DE ENSINO NO MUNIC\u00cdPIO DE LIMEIRA DO OESTE/MG."}, {"id": "3910", "ano": "2023", "numero": "16", "tipo__sigla": "PLOL", "tipo__descricao": "Projeto de Lei Ordin\u00e1ria do Legislativo", "autoria": "JUNINHO DA FARMACIA, WILLIAM BOZZA", "texto_original": "http://sapl.limeiradooeste.mg.leg.br/media/sapl/public/materialegislativa/2023/3910/16-projeto_de_lei_-_wifi_livre.pdf", "ementa": "DISP\u00d5E SOBRE O PROGRAMA \u201cWi-Fi LIVRE\u201d NO MUNIC\u00cdPIO DE LIMEIRA DO OESTE/MG E D\u00c1 OUTRAS PROVID\u00caNCIAS."}, {"id": "3912", "ano": "2023", "numero": "17", "tipo__sigla": "PLOL", "tipo__descricao": "Projeto de Lei Ordin\u00e1ria do Legislativo", "autoria": "CELITA", "texto_original": "http://sapl.limeiradooeste.mg.leg.br/media/sapl/public/materialegislativa/2023/3912/17-apoiotratamento-celita.pdf", "ementa": "INSTITUI A POL\u00cdTICA MUNICIPAL DE APOIO AO TRATAMENTO FORA DO DOMIC\u00cdLIO, NO MUNIC\u00cdPIO DE LIMEIRA DO OESTE E D\u00c1 OUTRAS PROVID\u00caNCIAS."}, {"id": "3966", "ano": "2023", "numero": "18", "tipo__sigla": "PLOL", "tipo__descricao": "Projeto de Lei Ordin\u00e1ria do Legislativo", "autoria": "CELITA, EBERTON SUINO", "texto_original": "http://sapl.limeiradooeste.mg.leg.br/media/sapl/public/materialegislativa/2023/3966/18-_denominacao_sala_teste_orelhinha.pdf", "ementa": "DENOMINA A SALA DE TESTE DA ORELHINHA COMO \"CHRISTIAN DANIEL POSCLAN\""}, {"id": "3987", "ano": "2023", "numero": "19", "tipo__sigla": "PLOL", "tipo__descricao": "Projeto de Lei Ordin\u00e1ria do Legislativo", "autoria": "JUNINHO DA FARMACIA", "texto_original": "http://sapl.limeiradooeste.mg.leg.br/media/sapl/public/materialegislativa/2023/3987/plnovembroazul.pdf", "ementa": "INSTITUI O PROGRAMA NOVEMBRO AZUL NO \u00c2MBITO DO MUNIC\u00cdPIO DE LIMEIRA DO OESTE/MG, QUE TRATA DA PREVEN\u00c7\u00c3O AO C\u00c2NCER DE PR\u00d3STATA E D\u00c1 OUTRAS PROVID\u00caNCIAS."}, {"id": "3993", "ano": "2023", "numero": "20", "tipo__sigla": "PLOL", "tipo__descricao": "Projeto de Lei Ordin\u00e1ria do Legislativo", "autoria": "AILTO MORAES, JUNINHO DA FARMACIA, TIA LAINY", "texto_original": "http://sapl.limeiradooeste.mg.leg.br/media/sapl/public/materialegislativa/2023/3993/20-2023-projeto_de_lei_do_legislativo_-_incentivo_agente_comunitario.pdf", "ementa": "AUTORIZA O PODER EXECUTIVO MUNICIPAL REPASSAR INCENTIVO FINANCEIRO ADICIONAL AOS AGENTES COMUNIT\u00c1RIOS DE SA\u00daDE - ACS E AOS AGENTES DE COMBATE \u00c0 ENDEMIAS \u2013 ACE, E D\u00c1 OUTRAS PROVID\u00caNCIAS."}, {"id": "3618", "ano": "2023", "numero": "1", "tipo__sigla": "PRE", "tipo__descricao": "Projeto de Resolu\u00e7\u00e3o", "autoria": "", "texto_original": "http://sapl.limeiradooeste.mg.leg.br/media/sapl/public/materialegislativa/2023/3618/01-revisaosalarial_veradores.pdf", "ementa": "CONCEDE REVIS\u00c3O GERAL E REAJUSTE ANUAL AOS SUBS\u00cdDIOS DOS VEREADORES DO MUNIC\u00cdPIO DE LIMEIRA DO OESTE, ESTADO DE MINAS GERAIS."}, {"id": "3641", "ano": "2023", "numero": "2", "tipo__sigla": "PRE", "tipo__descricao": "Projeto de Resolu\u00e7\u00e3o", "autoria": "", "texto_original": "http://sapl.limeiradooeste.mg.leg.br/media/", "ementa": "ALTERA A REDA\u00c7\u00c3O DA EMENTA E DO ART. 1\u00ba DA RESOLU\u00c7\u00c3O N\u00ba. 209, DE 23 DE JANEIRO DE 2023."}, {"id": "3705", "ano": "2023", "numero": "3", "tipo__sigla": "PRE", "tipo__descricao": "Projeto de Resolu\u00e7\u00e3o", "autoria": "ANTONIO LUIZ, JUNINHO DA FARMACIA, TIA LAINY", "texto_original": "http://sapl.limeiradooeste.mg.leg.br/media/sapl/public/materialegislativa/2023/3705/03-altera_art._17_-_deficientes.pdf", "ementa": "ALTERA O ART. 17, DA RESOLU\u00c7\u00c3O N\u00ba 92/2004, REGIMENTO INTERNO DA C\u00c2MARA MUNICIPAL DE LIMEIRA DO OESTE, ESTADO DE MINAS GERAIS"}, {"id": "3927", "ano": "2023", "numero": "4", "tipo__sigla": "PRE", "tipo__descricao": "Projeto de Resolu\u00e7\u00e3o", "autoria": "", "texto_original": "http://sapl.limeiradooeste.mg.leg.br/media/sapl/public/materialegislativa/2023/3927/projeto_de_resolucao_-_plano_saude_vereadores.pdf", "ementa": "ALTERA OS ARTIGOS 1\u00ba, 2\u00ba, 4\u00ba, 6\u00ba E 8\u00ba , DA RESOLU\u00c7\u00c3O N\u00ba 185, DE 21 DE FEVEREIRO DO 2020, ACRESCENDO OS VEREADORES NA IMPLEMENTA\u00c7\u00c3O DO PLANO PRIVADO DE AUX\u00cdLIO \u00c0 SA\u00daDE SUPLEMENTAR DA C\u00c2MARA MUNICIPAL DE LIMEIRA DO OESTE, ESTADO DE MINAS GERAIS E DA OUTRAS PROVID\u00caNCIAS."}, {"id": "3643", "ano": "2023", "numero": "1", "tipo__sigla": "REQ", "tipo__descricao": "Requerimento", "autoria": "TIA LAINY", "texto_original": "http://sapl.limeiradooeste.mg.leg.br/media/sapl/public/materialegislativa/2023/3643/01-2023--ultrassonografia.pdf", "ementa": "REQUERER ao Senhor Prefeito que informe a esta Casa de Leis o seguinte:\r\n1 - se h\u00e1 aparelho para exame de fazer ultrassonografia no Munic\u00edpio de Limeira do Oeste;\r\n2 - caso n\u00e3o haja, que seja informado em que foi investida a verba enviada pelo Deputado Z\u00e9 Vitor, que seria utilizada para a aquisi\u00e7\u00e3o desse aparelho, conforme acordo verbal entre o Legislativo da \u00e9poca e o Executivo."}, {"id": "3644", "ano": "2023", "numero": "2", "tipo__sigla": "REQ", "tipo__descricao": "Requerimento", "autoria": "TIA LAINY", "texto_original": "http://sapl.limeiradooeste.mg.leg.br/media/sapl/public/materialegislativa/2023/3644/02-2023--programaacsanexos.pdf", "ementa": "REQUERER ao Senhor Prefeito que informe a esta Casa de Leis como foi investido o valor dos incentivos financeiros do ano de 2022, na ordem de R$ 92.112,00 (documento anexo) destinados ao Programa Agentes Comunit\u00e1rios de Sa\u00fade (PACS), parte integrante do Piso de Aten\u00e7\u00e3o B\u00e1sica, conforme foi previsto pela Portaria no 674, de 03 de junho de 2003, do Minist\u00e9rio da Sa\u00fade."}, {"id": "3745", "ano": "2023", "numero": "3", "tipo__sigla": "REQ", "tipo__descricao": "Requerimento", "autoria": "EBERTON SUINO", "texto_original": "http://sapl.limeiradooeste.mg.leg.br/media/sapl/public/materialegislativa/2023/3745/03-2023--icms-esportivo.pdf", "ementa": "REQUERER ao Senhor Prefeito que informe a esta Casa de Leis se o Munic\u00edpio recebe ICMS esportivo, visto que \u00e9 um recurso destinado a munic\u00edpios mineiros por meio de um mecanismo que incentiva a organiza\u00e7\u00e3o e implementa\u00e7\u00e3o de pol\u00edticas p\u00fablicas esportivas nos munic\u00edpios, por meio do fomento \u00e0 cria\u00e7\u00e3o e manuten\u00e7\u00e3o de conselhos municipais de esportes e realiza\u00e7\u00e3o de programas e projetos esportivos."}, {"id": "3757", "ano": "2023", "numero": "4", "tipo__sigla": "REQ", "tipo__descricao": "Requerimento", "autoria": "", "texto_original": "http://sapl.limeiradooeste.mg.leg.br/media/sapl/public/materialegislativa/2023/3757/04-2023--avenidapolicarpogarcia.pdf", "ementa": "REQUERER ao Senhor Prefeito que encaminhe a esta Casa de Leis um parecer t\u00e9cnico do setor de engenharia sobre a Avenida Vereador Ant\u00f4nio Policarpo Garcia sobre o que segue:"}, {"id": "3767", "ano": "2023", "numero": "5", "tipo__sigla": "REQ", "tipo__descricao": "Requerimento", "autoria": "TIA LAINY", "texto_original": "http://sapl.limeiradooeste.mg.leg.br/media/sapl/public/materialegislativa/2023/3767/req05-2023coordenadoresdiretores.pdf", "ementa": "Requerer ao Senhor Prefeito que informe a esta Casa de Leis quais servidores ocupam os cargos de coordenadores e diretores."}, {"id": "3768", "ano": "2023", "numero": "6", "tipo__sigla": "REQ", "tipo__descricao": "Requerimento", "autoria": "AILTO MORAES, ANTONIO LUIZ, CELITA, DUNGA, EBERTON SUINO, JUNINHO DA FARMACIA, TIA LAINY, TI\u00c3O ARARA, WILLIAM BOZZA", "texto_original": "http://sapl.limeiradooeste.mg.leg.br/media/sapl/public/materialegislativa/2023/3768/req06-2023-negociacaoanelviario.pdf", "ementa": "Requerer ao Senhor Prefeito que informe a esta Casa de Leis como est\u00e1 o andamento das negocia\u00e7\u00f5es com os propriet\u00e1rios das \u00e1reas onde ir\u00e1 passar o anel vi\u00e1rio, e que seja enviado um croqui e memorial descritivo do projeto."}, {"id": "3769", "ano": "2023", "numero": "7", "tipo__sigla": "REQ", "tipo__descricao": "Requerimento", "autoria": "", "texto_original": "http://sapl.limeiradooeste.mg.leg.br/media/sapl/public/materialegislativa/2023/3769/req07-2023-rendabarcopacomercio.pdf", "ementa": "Requerer ao Senhor Prefeito que informe qual foi a renda do bar da \"Copa Com\u00e9rcio\" realizada no Gin\u00e1sio Poliesportivo Moacir Martins da Silva - Azul\u00e3o, bem como em que foi investido o valor arrecadado."}, {"id": "3770", "ano": "2023", "numero": "8", "tipo__sigla": "REQ", "tipo__descricao": "Requerimento", "autoria": "EBERTON SUINO", "texto_original": "http://sapl.limeiradooeste.mg.leg.br/media/sapl/public/materialegislativa/2023/3770/req08-2023-icms_esportivo.pdf", "ementa": "Requerer ao Senhor Prefeito que informe a esta Casa de Leis porque foi perdido o ICMS esportivo que o Munic\u00edpio recebia at\u00e9 o ano de 2022."}, {"id": "3789", "ano": "2023", "numero": "9", "tipo__sigla": "REQ", "tipo__descricao": "Requerimento", "autoria": "", "texto_original": "http://sapl.limeiradooeste.mg.leg.br/media/sapl/public/materialegislativa/2023/3789/req09-2023-materiatce.pdf", "ementa": "Tendo em vista a mat\u00e9ria veiculada no site do Tribunal de Contas do Estado de Minas Gerais no seguinte link: https://www.tce.mg.gov.br/\u00adnoticia/Detalhe/1111626348, vimos respeitosamente com fundamento no art. 206, inciso X do Regimento Interno, REQUERER informa\u00e7\u00f5es que esclare\u00e7am se a situa\u00e7\u00e3o j\u00e1 foi solucionada ou se ainda se encontra em fase de recurso."}, {"id": "3790", "ano": "2023", "numero": "10", "tipo__sigla": "REQ", "tipo__descricao": "Requerimento", "autoria": "", "texto_original": "http://sapl.limeiradooeste.mg.leg.br/media/sapl/public/materialegislativa/2023/3790/req10-2023-comissaofesta.pdf", "ementa": "REQUERER que nos seja informada a composi\u00e7\u00e3o da Comiss\u00e3o Organizadora da 29\u00aa Festa do Pe\u00e3o de Limeira do Oeste-MG bem como que sejam inclu\u00eddos Vereadores nesta comiss\u00e3o."}, {"id": "3799", "ano": "2023", "numero": "11", "tipo__sigla": "REQ", "tipo__descricao": "Requerimento", "autoria": "DUNGA", "texto_original": "http://sapl.limeiradooeste.mg.leg.br/media/", "ementa": "REQUERER do Senhor Prefeito que determine provid\u00eancias para reajustar as di\u00e1rias dos motoristas e dos enfermeiros. \r\nR E T I R A D O   D E   P A U T A   P E L O S  A U T O R E S."}, {"id": "3800", "ano": "2023", "numero": "12", "tipo__sigla": "REQ", "tipo__descricao": "Requerimento", "autoria": "JUNINHO DA FARMACIA", "texto_original": "http://sapl.limeiradooeste.mg.leg.br/media/sapl/public/materialegislativa/2023/3800/req12-2023-todos-maquinario.pdf", "ementa": "Em visita no almoxarifado da prefeitura constatamos que existem v\u00e1rios maquin\u00e1rios h\u00e1 muito tempo parados por falta de manuten\u00e7\u00e3o. Sendo assim, com fundamento no art. 206, inciso X do Regimento Interno, requeremos que sejam esclarecidos os seguintes itens:"}, {"id": "3801", "ano": "2023", "numero": "13", "tipo__sigla": "REQ", "tipo__descricao": "Requerimento", "autoria": "TIA LAINY", "texto_original": "http://sapl.limeiradooeste.mg.leg.br/media/sapl/public/materialegislativa/2023/3801/req13-2023-tialainy-encontroaraguari.pdf", "ementa": "Senhora Presidente, requeiro a disponibiliza\u00e7\u00e3o de recursos financeiros para alimenta\u00e7\u00e3o de 30 pessoas, que ir\u00e3o participar do Encontro Cultural \u201cParlamento Jovem 2023, Polo Triangulo, na cidade de Araguari/MG, no dia 22 de junho de 2023, cuja programa\u00e7\u00e3o esta descrita no panfleto anexo."}, {"id": "3810", "ano": "2023", "numero": "14", "tipo__sigla": "REQ", "tipo__descricao": "Requerimento", "autoria": "TIA LAINY", "texto_original": "http://sapl.limeiradooeste.mg.leg.br/media/sapl/public/materialegislativa/2023/3810/req14-2023-comunicacao.pdf", "ementa": "REQUERER ao Senhor Prefeito que envie a esta Casa de Leis todas as notas fiscais e os valores liquidados da empresa Intelligentsia & Attitude Comunica\u00e7\u00e3o Ltda, no per\u00edodo entre 1\u00ba de setembro de 2022 at\u00e9 a presente data."}, {"id": "3819", "ano": "2023", "numero": "15", "tipo__sigla": "REQ", "tipo__descricao": "Requerimento", "autoria": "", "texto_original": "http://sapl.limeiradooeste.mg.leg.br/media/sapl/public/materialegislativa/2023/3819/req15-2023-pontosonibus.pdf", "ementa": "REQUERER ao Senhor Prefeito que informe se h\u00e1 projeto para instala\u00e7\u00e3o de pontos de \u00f4nibus."}, {"id": "3820", "ano": "2023", "numero": "16", "tipo__sigla": "REQ", "tipo__descricao": "Requerimento", "autoria": "JUNINHO DA FARMACIA", "texto_original": "http://sapl.limeiradooeste.mg.leg.br/media/sapl/public/materialegislativa/2023/3820/req16-2023-iluminacao.pdf", "ementa": "REQUERER ao Senhor Prefeito informa\u00e7\u00f5es referentes a Ilumina\u00e7\u00e3o P\u00fablica na cidade de Limeira do Oeste/MG:"}, {"id": "3821", "ano": "2023", "numero": "17", "tipo__sigla": "REQ", "tipo__descricao": "Requerimento", "autoria": "", "texto_original": "http://sapl.limeiradooeste.mg.leg.br/media/sapl/public/materialegislativa/2023/3821/req17-2023-diarias.pdf", "ementa": "REQUERER ao Senhor Prefeito o seguinte: Que seja encaminhada a esta Casa um Projeto de Lei regulamentando o pagamento das di\u00e1rias desses profissionais e que no projeto conste reajuste anual conforme \u00edndices estabelecidos."}, {"id": "3833", "ano": "2023", "numero": "18", "tipo__sigla": "REQ", "tipo__descricao": "Requerimento", "autoria": "TIA LAINY", "texto_original": "http://sapl.limeiradooeste.mg.leg.br/media/sapl/public/materialegislativa/2023/3833/req18-2023-parlamentojovem.pdf", "ementa": "Requerer a Vossa Excel\u00eancia a disponibiliza\u00e7\u00e3o de lanche para 25 jovens do Parlamento Jovem que participar\u00e3o de um momento de confraterniza\u00e7\u00e3o na data de hoje."}, {"id": "3834", "ano": "2023", "numero": "19", "tipo__sigla": "REQ", "tipo__descricao": "Requerimento", "autoria": "", "texto_original": "http://sapl.limeiradooeste.mg.leg.br/media/sapl/public/materialegislativa/2023/3834/req19-2023-administradorcemiterio.pdf", "ementa": "REQUERER ao Senhor Prefeito que nos informe quem \u00e9 o administrador respons\u00e1vel pelo cemit\u00e9rio em conformidade com o disposto no Art. 29 da Lei 833/2018."}, {"id": "3835", "ano": "2023", "numero": "20", "tipo__sigla": "REQ", "tipo__descricao": "Requerimento", "autoria": "", "texto_original": "http://sapl.limeiradooeste.mg.leg.br/media/sapl/public/materialegislativa/2023/3835/req20-2023-relatorioreceitadespesa.pdf", "ementa": "REQUERER aos Senhores Secret\u00e1rios Municipais de Administra\u00e7\u00e3o, Cultura e de Esporte, Lazer e Turismo que em face \u00e0 tramita\u00e7\u00e3o do Projeto de Lei Ordin\u00e1ria n\u00ba 22/2023, que: \u201cAUTORIZA O MUNIC\u00cdPIO DE LIMEIRA DO OESTE A ABRIR CR\u00c9DITO ADICIONAL SUPLEMENTAR NO OR\u00c7AMENTO DE 2023\u201d, envie formalmente a esta Casa um relat\u00f3rio estimado da receita e despesa referentes ao projeto em quest\u00e3o."}, {"id": "3845", "ano": "2023", "numero": "21", "tipo__sigla": "REQ", "tipo__descricao": "Requerimento", "autoria": "TIA LAINY", "texto_original": "http://sapl.limeiradooeste.mg.leg.br/media/sapl/public/materialegislativa/2023/3845/req21-2023-tialainy-parlamentojovem.pdf", "ementa": "Venho por meio deste, requerer a Vossa Excel\u00eancia a disponibiliza\u00e7\u00e3o de transporte, estadia e alimenta\u00e7\u00e3o para 27 jovens do Parlamento Jovem que participar\u00e3o da Plen\u00e1ria Estadual na cidade de Belo Horizonte."}, {"id": "3846", "ano": "2023", "numero": "22", "tipo__sigla": "REQ", "tipo__descricao": "Requerimento", "autoria": "", "texto_original": "http://sapl.limeiradooeste.mg.leg.br/media/sapl/public/materialegislativa/2023/3846/req22-2023-copasa-aguaescura.pdf", "ementa": "Vimos respeitosamente com fundamento no Art. 206, inciso X do Regimento Interno, REQUERER ao Senhor Prefeito diante dos fatos ocorridos no final de semana dos dias 19 e 20 de agosto do corrente ano, com fornecimento de \u00e1gua de colora\u00e7\u00e3o escura pela COPASA, pedimos que seja esclarecido quais  medidas foram tomadas pelo Executivo e/ou pela Secretaria Municipal de Meio Ambiente."}, {"id": "3866", "ano": "2023", "numero": "23", "tipo__sigla": "REQ", "tipo__descricao": "Requerimento", "autoria": "AILTO MORAES, ANTONIO LUIZ, CELITA, DUNGA, EBERTON SUINO, JUNINHO DA FARMACIA, TIA LAINY, WILLIAM BOZZA", "texto_original": "http://sapl.limeiradooeste.mg.leg.br/media/sapl/public/materialegislativa/2023/3866/req23-2023-repassearsae.pdf", "ementa": "requerer que seja oficiado ao Excelent\u00edssimo Senhor Prefeito Municipal, solicitando informa\u00e7\u00f5es quanto ao repasse de receita direta da ARSAE ao Fundo Municipal de Saneamento."}, {"id": "3895", "ano": "2023", "numero": "24", "tipo__sigla": "REQ", "tipo__descricao": "Requerimento", "autoria": "", "texto_original": "http://sapl.limeiradooeste.mg.leg.br/media/sapl/public/materialegislativa/2023/3895/req24-2023-emendasimpositivasexecutadas.pdf", "ementa": "REQUERER ao Senhor Prefeito que informe a esta Casa de Leis quais as emendas impositivas que j\u00e1 foram executadas."}, {"id": "3929", "ano": "2023", "numero": "25", "tipo__sigla": "REQ", "tipo__descricao": "Requerimento", "autoria": "WILLIAM BOZZA", "texto_original": "http://sapl.limeiradooeste.mg.leg.br/media/sapl/public/materialegislativa/2023/3929/req25-2023-novohorario9a_r_e.pdf", "ementa": "Solicita que seja adiado o hor\u00e1rio da 9\u00aa Reuni\u00e3o Extraordin\u00e1ria para Elei\u00e7\u00e3o da Mesa Diretora para as 18 horas."}, {"id": "3932", "ano": "2023", "numero": "26", "tipo__sigla": "REQ", "tipo__descricao": "Requerimento", "autoria": "", "texto_original": "http://sapl.limeiradooeste.mg.leg.br/media/sapl/public/materialegislativa/2023/3932/req26-2023-verbadeputadoselismarwelinton.pdf", "ementa": "REQUERER que o Senhor Prefeito nos informe em que ser\u00e1 aplicada a verba que foi destinada pelos Deputados Elismar e Welinton Prado, que anteriormente seria usada na constru\u00e7\u00e3o da \u201cPolicl\u00ednica\u201d, visto que, segundo o Executivo, n\u00e3o ser\u00e1 poss\u00edvel a concretiza\u00e7\u00e3o da obra citada."}, {"id": "3933", "ano": "2023", "numero": "27", "tipo__sigla": "REQ", "tipo__descricao": "Requerimento", "autoria": "TIA LAINY", "texto_original": "http://sapl.limeiradooeste.mg.leg.br/media/sapl/public/materialegislativa/2023/3933/req27-2023-projetosprevencaomananciais.pdf", "ementa": "REQUERER ao Senhor Prefeito que informe a esta Casa de Leis quais projetos executados e quais est\u00e3o em fase de execu\u00e7\u00e3o, em cumprimento ao previsto no C\u00f3digo de Posturas referente \u00e0 preserva\u00e7\u00e3o dos mananciais e que seja encaminhada a documenta\u00e7\u00e3o existente a respeito das a\u00e7\u00f5es realizadas."}, {"id": "3953", "ano": "2023", "numero": "28", "tipo__sigla": "REQ", "tipo__descricao": "Requerimento", "autoria": "TIA LAINY", "texto_original": "http://sapl.limeiradooeste.mg.leg.br/media/sapl/public/materialegislativa/2023/3953/req28-2023-brasilia-palestra.pdf", "ementa": "Disponibiliza\u00e7\u00e3o de recursos para a alimenta\u00e7\u00e3o de 25 jovens do Parlamento Jovem que participar\u00e3o de uma palestra com base no tema: Jovem e mercado de trabalho na cidade de Bras\u00edlia/DF. A sa\u00edda ser\u00e1 no dia 23/11/2023 \u00e0s 17 horas e retorno no dia 25/11/2023."}, {"id": "3954", "ano": "2023", "numero": "29", "tipo__sigla": "REQ", "tipo__descricao": "Requerimento", "autoria": "DUNGA, TIA LAINY", "texto_original": "http://sapl.limeiradooeste.mg.leg.br/media/sapl/public/materialegislativa/2023/3954/req29-2023-reformas-construcao.pdf", "ementa": "REQUERER ao Senhor Prefeito que informe a esta Casa de Leis o que segue:\r\na) nomes de pessoas atendidas por reformas e/ou constru\u00e7\u00f5es com base no previsto no art. 35 da Lei n\u00ba 1.015;\r\nb) quais os requisitos para que as pessoas sejam contempladas;\r\nc) nomes dos membros do Conselho Municipal de Assist\u00eancia Social."}, {"id": "3984", "ano": "2023", "numero": "30", "tipo__sigla": "REQ", "tipo__descricao": "Requerimento", "autoria": "AILTO MORAES, ANTONIO LUIZ, CELITA, DUNGA, EBERTON SUINO, JUNINHO DA FARMACIA, TIA LAINY, TI\u00c3O ARARA, WILLIAM BOZZA", "texto_original": "http://sapl.limeiradooeste.mg.leg.br/media/sapl/public/materialegislativa/2023/3984/req30-2023-etiosbranco.pdf", "ementa": "Requeremos que sejam esclarecidas as as informa\u00e7\u00f5es sobre o acidente entre ve\u00edculo de propriedade do Munic\u00edpio, Modelo ETIOS - BRANCA - PLACA: QOE-3672."}, {"id": "3639", "ano": "2023", "numero": "1", "tipo__sigla": "VETO", "tipo__descricao": "Veto", "autoria": "", "texto_original": "http://sapl.limeiradooeste.mg.leg.br/media/sapl/public/materialegislativa/2023/3639/of32-2023-gp-vetointegralproposicaoleiord09.pdf", "ementa": "VETO INTEGRAL \u00c0 PROPOSI\u00c7\u00c3O DE LEI ORDIN\u00c1RIA N\u00ba 09, DE 23 DE JANEIRO DE 2023."}, {"id": "3708", "ano": "2023", "numero": "2", "tipo__sigla": "VETO", "tipo__descricao": "Veto", "autoria": "ENEDINO PEREIRA FILHO", "texto_original": "http://sapl.limeiradooeste.mg.leg.br/media/sapl/public/materialegislativa/2023/3708/of99-2023-gp-vetoparcialproplei18-2023.pdf", "ementa": "VETAR PARCIALMENTE AS EMENDAS REALIZADAS NA PROPOSI\u00c7\u00c3O DE LEI N\u00ba 18/2023. QUE, DISP\u00d5E SOBRE \u00c0 LEI QUE INSTITUIU A POL\u00cdTICA MUNICIPAL DE ATENDIMENTO DOS DIREITOS DA CRIAN\u00c7A E DO ADOLESCENTE E D\u00c1 OUTRAS PROVID\u00caNCIAS."}, {"id": "3704", "ano": "2023", "numero": "1", "tipo__sigla": "PELO", "tipo__descricao": "Proposta Emenda a Lei Org\u00e2nica", "autoria": "ANTONIO LUIZ, JUNINHO DA FARMACIA, TIA LAINY", "texto_original": "http://sapl.limeiradooeste.mg.leg.br/media/sapl/public/materialegislativa/2023/3704/propostaemendalom_01_2023.pdf", "ementa": "\u201cALTERA OS ARTIGOS 89, 169, 174, 187, 188 E 191 DA LEI ORG\u00c2NICA DO MUNIC\u00cdPIO DE LIMEIRA DO OESTE/MG\u201d."}, {"id": "3746", "ano": "2023", "numero": "2", "tipo__sigla": "PELO", "tipo__descricao": "Proposta Emenda a Lei Org\u00e2nica", "autoria": "AILTO MORAES, ANTONIO LUIZ, CELITA, DUNGA, EBERTON SUINO, JUNINHO DA FARMACIA, TIA LAINY, TI\u00c3O ARARA, WILLIAM BOZZA", "texto_original": "http://sapl.limeiradooeste.mg.leg.br/media/sapl/public/materialegislativa/2023/3746/proposta_de_emenda_a_lei_organica_02-2023.pdf", "ementa": "ALTERA A REDA\u00c7\u00c3O DO CAPUT DO ARTIGO 139 \u2013 A E PAR\u00c1GRAFO \u00daNICO DO ARTIGO 139-C DA LEI ORG\u00c2NICA DO MUNIC\u00cdPIO DE LIMEIRA DO OESTE/MG E D\u00c1 OUTRAS PROVID\u00caNCIAS."}, {"id": "3701", "ano": "2023", "numero": "1", "tipo__sigla": "EMEA", "tipo__descricao": "Emenda Aditiva", "autoria": "AILTO MORAES, ANTONIO LUIZ, DUNGA, TIA LAINY", "texto_original": "http://sapl.limeiradooeste.mg.leg.br/media/sapl/public/materialegislativa/2023/3701/01-2023-emendaaditivaplcl01-2023-funcoescargoscomissionados.pdf", "ementa": "Adiciona-se especifica\u00e7\u00f5es aos itens 13, 15, 16, 18, 19 e 20 do \"PROJETO DE LEI COMPLEMENTAR N\u00ba. 01, DE 20 DE JANEIRO DE 2023\""}, {"id": "3703", "ano": "2023", "numero": "2", "tipo__sigla": "EMEA", "tipo__descricao": "Emenda Aditiva", "autoria": "", "texto_original": "http://sapl.limeiradooeste.mg.leg.br/media/sapl/public/materialegislativa/2023/3703/02-2023-emendaaditivaplo09-2023-cmdca.pdf", "ementa": "Acresce inciso IV ao Art. 24 e \u00a7 4\u00ba ao Art. 45."}, {"id": "3706", "ano": "2023", "numero": "3", "tipo__sigla": "EMEA", "tipo__descricao": "Emenda Aditiva", "autoria": "", "texto_original": "http://sapl.limeiradooeste.mg.leg.br/media/sapl/public/materialegislativa/2023/3706/emendaaditiva03-2023.pdf", "ementa": "ADICIONA PAR\u00c1GRAFO \u00daNICO AO ART. 4\u00ba, DO PROJETO DE LEI ORDIN\u00c1RIA N\u00ba 08/2023."}, {"id": "3775", "ano": "2023", "numero": "4", "tipo__sigla": "EMEA", "tipo__descricao": "Emenda Aditiva", "autoria": "AILTO MORAES, ANTONIO LUIZ, CELITA, DUNGA, EBERTON SUINO, JUNINHO DA FARMACIA, TIA LAINY, TI\u00c3O ARARA, WILLIAM BOZZA", "texto_original": "http://sapl.limeiradooeste.mg.leg.br/media/sapl/public/materialegislativa/2023/3775/04-2023-emendaaditivaplo12-2023.pdf", "ementa": "ADICIONA OS INCISOS V E VI, E \u00a7\u00a7 1\u00b0 E 2\u00b0 AO ART. 4\u00b0, DO PROJETO DE LEI ORDIN\u00c1RIA N\u00ba 12/2023."}, {"id": "3875", "ano": "2023", "numero": "5", "tipo__sigla": "EMEA", "tipo__descricao": "Emenda Aditiva", "autoria": "", "texto_original": "http://sapl.limeiradooeste.mg.leg.br/media/", "ementa": "ADICIONA ARTIGO E PAR\u00c1GRAFO \u00daNICO AO PROJETO DE LEI ORDIN\u00c1RIA N\u00ba 29/2023."}, {"id": "3914", "ano": "2023", "numero": "6", "tipo__sigla": "EMEA", "tipo__descricao": "Emenda Aditiva", "autoria": "", "texto_original": "http://sapl.limeiradooeste.mg.leg.br/media/", "ementa": "ADICIONA INCISO AP\u00d3S O \u201cV\u201d NO ARTIGO 4\u00ba, DO PROJETO DE LEI ORDIN\u00c1RIA N\u00ba 31/2023."}, {"id": "3702", "ano": "2023", "numero": "1", "tipo__sigla": "EMEM", "tipo__descricao": "Emenda Modificativa", "autoria": "", "texto_original": "http://sapl.limeiradooeste.mg.leg.br/media/", "ementa": "Modifica-se os Art. 4\u00ba, 12, 18, 22 e 24, do \"PROJETO DE LEI ORDIN\u00c1RIA N\u00ba. 09, DE 15 DE MAR\u00c7O DE 2023\"."}, {"id": "3707", "ano": "2023", "numero": "2", "tipo__sigla": "EMEM", "tipo__descricao": "Emenda Modificativa", "autoria": "ANTONIO LUIZ, CELITA, DUNGA, EBERTON SUINO, JUNINHO DA FARMACIA, TIA LAINY, WILLIAM BOZZA", "texto_original": "http://sapl.limeiradooeste.mg.leg.br/media/", "ementa": "Modifica-se os Incisos II, IV e VI do Art. 3\u00ba, do Projeto de Lei Ordin\u00e1ria n\u00ba 06/2023."}, {"id": "3759", "ano": "2023", "numero": "3", "tipo__sigla": "EMEM", "tipo__descricao": "Emenda Modificativa", "autoria": "", "texto_original": "http://sapl.limeiradooeste.mg.leg.br/media/", "ementa": "ALTERA A DENOMINA\u00c7\u00c3O DE RUA E MODIFICA O ART. 2\u00b0, DO PROJETO DE LEI ORDIN\u00c1RIA N\u00ba 13."}, {"id": "3774", "ano": "2023", "numero": "4", "tipo__sigla": "EMEM", "tipo__descricao": "Emenda Modificativa", "autoria": "AILTO MORAES, ANTONIO LUIZ, CELITA, DUNGA, EBERTON SUINO, JUNINHO DA FARMACIA, TIA LAINY, TI\u00c3O ARARA, WILLIAM BOZZA", "texto_original": "http://sapl.limeiradooeste.mg.leg.br/media/sapl/public/materialegislativa/2023/3774/04-2023-emendamodificativaplo12-2023-caes_gatos.pdf", "ementa": "ALTERA OS INCISOS II E III, DO ART. 4\u00b0, E PAR\u00c1GRAFO \u00daNICO, DO ART. 5\u00b0, DO PROJETO DE LEI ORDIN\u00c1RIA 12/2023."}, {"id": "3782", "ano": "2023", "numero": "5", "tipo__sigla": "EMEM", "tipo__descricao": "Emenda Modificativa", "autoria": "AILTO MORAES, ANTONIO LUIZ, CELITA, DUNGA, EBERTON SUINO, JUNINHO DA FARMACIA, TIA LAINY, TI\u00c3O ARARA, WILLIAM BOZZA", "texto_original": "http://sapl.limeiradooeste.mg.leg.br/media/sapl/public/materialegislativa/2023/3782/05-2023-emendamodificativaplo16-2023-salasaula.odt", "ementa": "ALTERA REDA\u00c7\u00c3O DO ART. 1\u00b0, DO PROJETO DE LEI ORDIN\u00c1RIA 16/2023."}, {"id": "3808", "ano": "2023", "numero": "6", "tipo__sigla": "EMEM", "tipo__descricao": "Emenda Modificativa", "autoria": "", "texto_original": "http://sapl.limeiradooeste.mg.leg.br/media/sapl/public/materialegislativa/2023/3808/emendasmod06.pdf", "ementa": "MODIFICA-SE O CAPUT DO ART. 5\u00b0, E AL\u00cdNEA \u201cF)\u201d, DO ART. 6\u00b0, DO PROJETO DE LEI ORDIN\u00c1RIA N\u00ba 07/2023."}, {"id": "3825", "ano": "2023", "numero": "7", "tipo__sigla": "EMEM", "tipo__descricao": "Emenda Modificativa", "autoria": "AILTO MORAES, ANTONIO LUIZ, CELITA, DUNGA, EBERTON SUINO, JUNINHO DA FARMACIA, TIA LAINY, TI\u00c3O ARARA, WILLIAM BOZZA", "texto_original": "http://sapl.limeiradooeste.mg.leg.br/media/", "ementa": "MODIFICA O ART. 1\u00b0 DO PROJETO DE LEI ORDIN\u00c1RIA N\u00ba 15/2023."}, {"id": "3827", "ano": "2023", "numero": "8", "tipo__sigla": "EMEM", "tipo__descricao": "Emenda Modificativa", "autoria": "", "texto_original": "http://sapl.limeiradooeste.mg.leg.br/media/", "ementa": "MODIFICA-SE O PROPOSTO NO ART. 1\u00b0 E ART. 2\u00b0, DO PROJETO DE LEI ORDIN\u00c1RIA N\u00b0 20/2023."}, {"id": "3844", "ano": "2023", "numero": "9", "tipo__sigla": "EMEM", "tipo__descricao": "Emenda Modificativa", "autoria": "", "texto_original": "http://sapl.limeiradooeste.mg.leg.br/media/", "ementa": "MODIFICA-SE OS ART. 10, 19, 32 E 53, DO PROJETO DE LEI ORDIN\u00c1RIA N\u00ba 10/2023."}, {"id": "3874", "ano": "2023", "numero": "10", "tipo__sigla": "EMEM", "tipo__descricao": "Emenda Modificativa", "autoria": "", "texto_original": "http://sapl.limeiradooeste.mg.leg.br/media/", "ementa": "MODIFICA-SE O  O PROPOSTO PELO  ART. 2\u00b0, DO PROJETO DE LEI ORDIN\u00c1RIA N\u00b0 29/2023."}, {"id": "3913", "ano": "2023", "numero": "11", "tipo__sigla": "EMEM", "tipo__descricao": "Emenda Modificativa", "autoria": "", "texto_original": "http://sapl.limeiradooeste.mg.leg.br/media/", "ementa": "MODIFICA-SE O  ART. 6\u00ba, DO PROJETO DE LEI ORDIN\u00c1RIA N\u00b0 31/2023."}, {"id": "3926", "ano": "2023", "numero": "12", "tipo__sigla": "EMEM", "tipo__descricao": "Emenda Modificativa", "autoria": "", "texto_original": "http://sapl.limeiradooeste.mg.leg.br/media/", "ementa": "MODIFICA-SE OS PROPOSTOS PELOS ARTIGOS 1\u00ba E 2\u00ba DO PROJETO DE LEI ORDIN\u00c1RIA N\u00ba 37/2023."}, {"id": "3989", "ano": "2023", "numero": "13", "tipo__sigla": "EMEM", "tipo__descricao": "Emenda Modificativa", "autoria": "", "texto_original": "http://sapl.limeiradooeste.mg.leg.br/media/", "ementa": "MODIFICAM-SE OS ARTIGOS 8\u00b0, 9\u00b0, 10, 15, 21, 30, 99, 100, 103, e 104, DO PROJETO DE LEI ORDIN\u00c1RIA N\u00ba 36/2023."}, {"id": "3955", "ano": "2023", "numero": "14", "tipo__sigla": "EMEM", "tipo__descricao": "Emenda Modificativa", "autoria": "", "texto_original": "http://sapl.limeiradooeste.mg.leg.br/media/", "ementa": "MODIFICA-SE O INCISO III, DO ARTIGO 3\u00ba DO PROJETO DE LEI ORDIN\u00c1RIA N\u00ba 42/2023."}, {"id": "3971", "ano": "2023", "numero": "15", "tipo__sigla": "EMEM", "tipo__descricao": "Emenda Modificativa", "autoria": "", "texto_original": "http://sapl.limeiradooeste.mg.leg.br/media/sapl/public/materialegislativa/2023/3971/15-2023-emendamodificativaplo-44-2023-alteralei997-1013-2022.odt", "ementa": "MODIFICA-SE OS PROPOSTOS PELOS ARTIGOS 1\u00ba E 2\u00ba DO PROJETO DE LEI ORDIN\u00c1RIA N\u00ba 44/2023."}, {"id": "3977", "ano": "2023", "numero": "16", "tipo__sigla": "EMEM", "tipo__descricao": "Emenda Modificativa", "autoria": "", "texto_original": "http://sapl.limeiradooeste.mg.leg.br/media/", "ementa": "MODIFICA-SE O CAPUT, E DISPOSITIVO, DO ART. 1\u00b0, E DISPOSITIVO DO ART. 2\u00b0, DO PROJETO DE LEI ORDIN\u00c1RIA N\u00ba 38/2023."}, {"id": "3990", "ano": "2023", "numero": "17", "tipo__sigla": "EMEM", "tipo__descricao": "Emenda Modificativa", "autoria": "", "texto_original": "http://sapl.limeiradooeste.mg.leg.br/media/", "ementa": "MODIFICA-SE O CAPUT, DO ART. 7\u00b0, DO PROJETO DE LEI ORDIN\u00c1RIA N\u00ba 33/2023."}, {"id": "3992", "ano": "2023", "numero": "18", "tipo__sigla": "EMEM", "tipo__descricao": "Emenda Modificativa", "autoria": "", "texto_original": "http://sapl.limeiradooeste.mg.leg.br/media/", "ementa": "MODIFICA-SE A TABELA CONTRIBUI\u00c7\u00d5ES, CONSTANTE DO ART. 1\u00b0, DO PROJETO DE LEI ORDIN\u00c1RIA N\u00b0 34/2023."}, {"id": "3994", "ano": "2023", "numero": "19", "tipo__sigla": "EMEM", "tipo__descricao": "Emenda Modificativa", "autoria": "", "texto_original": "http://sapl.limeiradooeste.mg.leg.br/media/", "ementa": "MODIFICAM-SE VALORES EM CONTAS DOS ANEXOS, DO PROJETO DE LEI ORDIN\u00c1RIA N\u00b0 33/2023."}, {"id": "3807", "ano": "2023", "numero": "1", "tipo__sigla": "EMES", "tipo__descricao": "Emenda Supressiva", "autoria": "", "texto_original": "http://sapl.limeiradooeste.mg.leg.br/media/sapl/public/materialegislativa/2023/3807/emendassup01.pdf", "ementa": "SUPRIME-SE O ART. 7\u00b0 E SEUS PAR\u00c1GRAFOS, RENUMERANDO-SE OS DEMAIS ARTIGOS, DO PROJETO DE LEI COMPLEMENTAR 07/2023."}, {"id": "3826", "ano": "2023", "numero": "2", "tipo__sigla": "EMES", "tipo__descricao": "Emenda Supressiva", "autoria": "", "texto_original": "http://sapl.limeiradooeste.mg.leg.br/media/", "ementa": "SUPRIME-SE AL\u00cdNEAS DO ART. 2\u00b0, DO PROJETO DE LEI ORDIN\u00c1RIA N\u00b0 15/2023."}, {"id": "3978", "ano": "2023", "numero": "3", "tipo__sigla": "EMES", "tipo__descricao": "Emenda Supressiva", "autoria": "", "texto_original": "http://sapl.limeiradooeste.mg.leg.br/media/", "ementa": "SUPRIME-SE O ARTIGO 3\u00b0 DO PROJETO DE LEI ORDIN\u00c1RIA N\u00ba 38/2023."}]}