{"id":962,"__str__":"Of\u00edcio n\u00ba 40 de 2026 | Resposta do Executivo | 23/03/2026","link_detail_backend":"/materia/tramitacao/962","metadata":{},"timestamp":"2026-03-24T07:54:23.952533-03:00","data_tramitacao":"2026-03-23","data_encaminhamento":"2026-03-23","urgente":false,"turno":"U","texto":"informar que tal pauta, est\u00e1 alinhada \u00e0s diretrizes desta administra\u00e7\u00e3o p\u00fablica; voltada \u00e0 seguran\u00e7a e ao bem-estar da popula\u00e7\u00e3o e que iremos tomar as devidas provid\u00eancias, visando \u00e0 implementa\u00e7\u00e3o de medidas eficazes de modera\u00e7\u00e3o de tr\u00e1fego. O objetivo \u00e9 mitigar a ocorr\u00eancia de sinistros e prevenir acidentes de maior gravidade, assegurando a integridade de pedestres, ciclistas e condutores.","data_fim_prazo":null,"ip":"179.63.50.184","ultima_edicao":"2026-03-24T07:50:16.121844-03:00","status":55,"materia":4899,"unidade_tramitacao_local":5,"unidade_tramitacao_destino":7,"user":26}