{"id":282,"__str__":"Requerimento n\u00ba 6 de 2023 | Resposta do Executivo | 16/06/2023","link_detail_backend":"/materia/tramitacao/282","metadata":{},"timestamp":"2023-10-05T12:01:45.611148-03:00","data_tramitacao":"2023-06-16","data_encaminhamento":"2023-06-16","urgente":false,"turno":"U","texto":"Of\u00edcio n\u00ba 153/2023-GP, informamos que o projeto do anel vi\u00e1rio est\u00e1 em fase final para definir o tra\u00e7ado e com isso o quantitativo de cada propriet\u00e1rio, assim que estiver definido\r\nenviaremos o croqui e o memorial descritivo para esta Casa de Leis.","data_fim_prazo":null,"ip":"179.63.50.227","ultima_edicao":"2023-10-05T11:58:03.000976-03:00","status":55,"materia":3768,"unidade_tramitacao_local":5,"unidade_tramitacao_destino":7,"user":26}