{"id":4964,"__str__":"Parecer Com. Legisla\u00e7\u00e3o, Justi\u00e7a e Reda\u00e7\u00e3o Final n\u00ba 17 de 2026","link_detail_backend":"/materia/4964","metadata":{},"numero":17,"ano":2026,"numero_protocolo":null,"data_apresentacao":"2026-04-22","tipo_apresentacao":"E","data_publicacao":null,"numero_origem_externa":"","ano_origem_externa":null,"data_origem_externa":null,"apelido":"","dias_prazo":null,"data_fim_prazo":null,"em_tramitacao":false,"polemica":false,"objeto":"","complementar":false,"ementa":"PARECER DA COMISS\u00c3O DE LEGISLA\u00c7\u00c3O, JUSTI\u00c7A E REDA\u00c7\u00c3O FINAL, AO PROJETO DE LEI ORDIN\u00c1RIA N\u00ba 09/2026.","indexacao":"","observacao":"","resultado":"","texto_original":null,"data_ultima_atualizacao":"2026-04-22T09:23:20.933232-03:00","ip":"179.63.51.198","ultima_edicao":"2026-04-22T09:23:20.812617-03:00","tipo":24,"regime_tramitacao":2,"tipo_origem_externa":null,"local_origem_externa":null,"user":26,"anexadas":[],"autores":[15]}