{"id":4834,"__str__":"Parecer Com. Legisla\u00e7\u00e3o, Justi\u00e7a e Reda\u00e7\u00e3o Final n\u00ba 4 de 2026","link_detail_backend":"/materia/4834","metadata":{},"numero":4,"ano":2026,"numero_protocolo":null,"data_apresentacao":"2026-01-27","tipo_apresentacao":"E","data_publicacao":null,"numero_origem_externa":"","ano_origem_externa":null,"data_origem_externa":null,"apelido":"","dias_prazo":null,"data_fim_prazo":null,"em_tramitacao":false,"polemica":false,"objeto":"","complementar":false,"ementa":"PARECER DA COMISS\u00c3O DE LEGISLA\u00c7\u00c3O, JUSTI\u00c7A E REDA\u00c7\u00c3O FINAL\r\nProjeto de Lei Ordin\u00e1ria n\u00ba 02, de 05 de janeiro de 2026, que \"Cria o Conselho Municipal de Estradas e o Fundo Municipal de Estradas do Munic\u00edpio de Limeira do Oeste e d\u00e1 outras provid\u00eancias\".","indexacao":"","observacao":"","resultado":"","texto_original":null,"data_ultima_atualizacao":"2026-02-02T13:55:31.211044-03:00","ip":"179.63.50.249","ultima_edicao":"2026-01-27T14:20:49.561469-03:00","tipo":24,"regime_tramitacao":1,"tipo_origem_externa":null,"local_origem_externa":null,"user":26,"anexadas":[],"autores":[15]}