{"id":4829,"__str__":"Parecer Comiss\u00e3o de Educa\u00e7\u00e3o, Sa\u00fade e Assist\u00eancia n\u00ba 1 de 2026","link_detail_backend":"/materia/4829","metadata":{},"numero":1,"ano":2026,"numero_protocolo":null,"data_apresentacao":"2026-01-16","tipo_apresentacao":"","data_publicacao":null,"numero_origem_externa":"","ano_origem_externa":null,"data_origem_externa":null,"apelido":"","dias_prazo":null,"data_fim_prazo":null,"em_tramitacao":false,"polemica":false,"objeto":"","complementar":false,"ementa":"PARECER DA COMISS\u00c3O DE EDUCA\u00c7\u00c3O, SA\u00daDE E ASSIST\u00caNCIA SOCIAL\r\nProjeto de Lei Complementar n\u00ba 07/2025\r\nAutor: Chefe do Poder Executivo\r\n\r\nEmenta: Altera dispositivos da Lei Complementar n\u00ba 9, de 12 de setembro de 2003, que disp\u00f5e sobre o Plano de Cargos e Sal\u00e1rios do Munic\u00edpio de Limeira do Oeste.","indexacao":"","observacao":"","resultado":"","texto_original":"http://sapl.limeiradooeste.mg.leg.br/media/sapl/public/materialegislativa/2026/4829/parecer_cesa-03-2026-plc07-2025_2-3.pdf","data_ultima_atualizacao":"2026-01-22T07:50:03.704115-03:00","ip":"179.63.50.249","ultima_edicao":"2026-01-22T07:50:03.483305-03:00","tipo":28,"regime_tramitacao":1,"tipo_origem_externa":null,"local_origem_externa":null,"user":26,"anexadas":[],"autores":[]}