{"id":4683,"__str__":"Of\u00edcio n\u00ba 218 de 2025","link_detail_backend":"/materia/4683","metadata":{},"numero":218,"ano":2025,"numero_protocolo":null,"data_apresentacao":"2025-07-22","tipo_apresentacao":"O","data_publicacao":null,"numero_origem_externa":"","ano_origem_externa":null,"data_origem_externa":null,"apelido":"","dias_prazo":null,"data_fim_prazo":null,"em_tramitacao":false,"polemica":false,"objeto":"","complementar":false,"ementa":"Solicitamos a Vossa especial aten\u00e7\u00e3o no sentido de viabilizar uma VAN com acessibilidade para a APAE de nosso munic\u00edpio.","indexacao":"","observacao":"","resultado":"","texto_original":"http://sapl.limeiradooeste.mg.leg.br/media/sapl/public/materialegislativa/2025/4683/of218-2025_vcm-zesilva.pdf","data_ultima_atualizacao":"2025-08-05T11:30:22.610838-03:00","ip":"179.63.48.62","ultima_edicao":"2025-08-05T11:30:21.575661-03:00","tipo":10,"regime_tramitacao":1,"tipo_origem_externa":null,"local_origem_externa":null,"user":26,"anexadas":[],"autores":[45]}