{"id":4455,"__str__":"Projeto de Resolu\u00e7\u00e3o n\u00ba 1 de 2025","link_detail_backend":"/materia/4455","metadata":{},"numero":1,"ano":2025,"numero_protocolo":null,"data_apresentacao":"2025-02-27","tipo_apresentacao":"E","data_publicacao":null,"numero_origem_externa":"","ano_origem_externa":null,"data_origem_externa":null,"apelido":"","dias_prazo":null,"data_fim_prazo":null,"em_tramitacao":true,"polemica":false,"objeto":"","complementar":false,"ementa":"DISP\u00d5E SOBRE O REAJUSTE DO ANEXO II, DA LEI N\u00ba 1.095/2024, QUE DISP\u00d5E SOBRE A CONCESS\u00c3O DE DI\u00c1RIAS E ADIANTAMENTOS AO PRESIDENTE DA C\u00c2MARA, VEREADORES, SERVIDORES, PRESTADORES DE SERVI\u00c7O E MEMBROS DE COMISS\u00d5ES DO PODER LEGISLATIVO DE LIMEIRA DO OESTE - MG.","indexacao":"","observacao":"","resultado":"","texto_original":"http://sapl.limeiradooeste.mg.leg.br/media/sapl/public/materialegislativa/2025/4455/projeto_de_resolucao_-_reajuste_de_diarias_do_legislativo.odt","data_ultima_atualizacao":"2025-03-21T11:01:54.066932-03:00","ip":"179.63.48.62","ultima_edicao":"2025-03-17T09:57:57.663208-03:00","tipo":2,"regime_tramitacao":1,"tipo_origem_externa":null,"local_origem_externa":null,"user":26,"anexadas":[],"autores":[80,79,81,78]}