{"id":3891,"__str__":"Of\u00edcio n\u00ba 153 de 2023","link_detail_backend":"/materia/3891","metadata":{},"numero":153,"ano":2023,"numero_protocolo":null,"data_apresentacao":"2023-09-18","tipo_apresentacao":"E","data_publicacao":null,"numero_origem_externa":"","ano_origem_externa":null,"data_origem_externa":null,"apelido":"","dias_prazo":null,"data_fim_prazo":null,"em_tramitacao":false,"polemica":false,"objeto":"","complementar":false,"ementa":"Senhor Hudson - CEMIG. - Vimos solicitar que sejam esclarecidos os motivos da falta de energia el\u00e9trica, bem como da oscila\u00e7\u00e3o constante na voltagem.\r\nSenhor Prefeito, Senhor Edmilson, Secret\u00e1rio de Administra\u00e7\u00e3o, Senhor Antonio Francisco, Secret\u00e1rio de Obras e Servi\u00e7os: Solicito a coloca\u00e7\u00e3o de bra\u00e7o e l\u00e2mpada no poste na Avenida da Saudade, pr\u00f3ximo a APAE.","indexacao":"","observacao":"","resultado":"","texto_original":"http://sapl.limeiradooeste.mg.leg.br/media/sapl/public/materialegislativa/2023/3891/of153-2023-vcm-cemig.pdf","data_ultima_atualizacao":"2023-10-03T08:24:04.700487-03:00","ip":"179.63.51.242","ultima_edicao":"2023-10-03T08:24:04.372197-03:00","tipo":10,"regime_tramitacao":1,"tipo_origem_externa":null,"local_origem_externa":null,"user":26,"anexadas":[],"autores":[]}