{"id":2884,"__str__":"Indica\u00e7\u00e3o n\u00ba 19 de 2021","link_detail_backend":"/materia/2884","metadata":{},"numero":19,"ano":2021,"numero_protocolo":null,"data_apresentacao":"2021-02-02","tipo_apresentacao":"E","data_publicacao":null,"numero_origem_externa":"","ano_origem_externa":null,"data_origem_externa":null,"apelido":"","dias_prazo":null,"data_fim_prazo":null,"em_tramitacao":false,"polemica":false,"objeto":"","complementar":false,"ementa":"Coloque monitores nas linhas de \u00f4nibus escolares.","indexacao":"","observacao":"Of\u00edcio 80/2021-GP, informo que nas duas linhas de transporte urbanos j\u00e1 existe a presen\u00e7a de monitoras para auxiliar no cuidado com as crian\u00e7as.\r\nAs linha de transporte escolar rurais s\u00e3o terceirizadas e de responsabilidade do titular da linha.","resultado":"","texto_original":"http://sapl.limeiradooeste.mg.leg.br/media/sapl/public/materialegislativa/2021/2884/19-2021-c.pdf","data_ultima_atualizacao":"2021-03-08T12:36:54.773301-03:00","ip":"168.121.158.24","ultima_edicao":"2021-03-08T12:36:54.644108-03:00","tipo":8,"regime_tramitacao":1,"tipo_origem_externa":null,"local_origem_externa":null,"user":26,"anexadas":[],"autores":[69]}