{"id":2242,"__str__":"Requerimento n\u00ba 26 de 2019","link_detail_backend":"/materia/2242","metadata":{},"numero":26,"ano":2019,"numero_protocolo":null,"data_apresentacao":"2019-03-26","tipo_apresentacao":"E","data_publicacao":null,"numero_origem_externa":"","ano_origem_externa":null,"data_origem_externa":null,"apelido":"","dias_prazo":null,"data_fim_prazo":null,"em_tramitacao":false,"polemica":null,"objeto":"","complementar":null,"ementa":"Requeiro cess\u00e3o de uso das depend\u00eancias da C\u00e2mara Municipal de Limeira do Oeste, para realiza\u00e7\u00e3o de reuni\u00e3o do Projeto Parlamento Jovem de Minas 2019, dia 27 de mar\u00e7o, \u00e0s 18 horas.","indexacao":"","observacao":"","resultado":"","texto_original":"http://sapl.limeiradooeste.mg.leg.br/media/sapl/public/materialegislativa/2019/2242/26-2019-c.pdf","data_ultima_atualizacao":"2019-04-12T09:15:05.955269-03:00","ip":"","ultima_edicao":null,"tipo":3,"regime_tramitacao":1,"tipo_origem_externa":null,"local_origem_externa":null,"user":null,"anexadas":[],"autores":[62]}