{"id":2147,"__str__":"Requerimento n\u00ba 3 de 2019","link_detail_backend":"/materia/2147","metadata":{},"numero":3,"ano":2019,"numero_protocolo":null,"data_apresentacao":"2019-01-10","tipo_apresentacao":"E","data_publicacao":null,"numero_origem_externa":"","ano_origem_externa":null,"data_origem_externa":null,"apelido":"","dias_prazo":null,"data_fim_prazo":null,"em_tramitacao":false,"polemica":null,"objeto":"","complementar":null,"ementa":"Requerer a ades\u00e3o desta C\u00e2mara ao Parlamento Jovem de Minas Edi\u00e7\u00e3o 2019, com a assinatura do Termo anexo.","indexacao":"","observacao":"","resultado":"","texto_original":"http://sapl.limeiradooeste.mg.leg.br/media/sapl/public/materialegislativa/2019/2147/03-2019-c.pdf","data_ultima_atualizacao":"2019-01-25T11:38:14.665912-02:00","ip":"","ultima_edicao":null,"tipo":3,"regime_tramitacao":1,"tipo_origem_externa":null,"local_origem_externa":null,"user":null,"anexadas":[],"autores":[62]}