{"id":1676,"__str__":"Of\u00edcio n\u00ba 102 de 2017","link_detail_backend":"/materia/1676","metadata":{},"numero":102,"ano":2017,"numero_protocolo":null,"data_apresentacao":"2017-06-21","tipo_apresentacao":"E","data_publicacao":null,"numero_origem_externa":"","ano_origem_externa":null,"data_origem_externa":null,"apelido":"","dias_prazo":null,"data_fim_prazo":null,"em_tramitacao":false,"polemica":false,"objeto":"","complementar":false,"ementa":"SENHOR ORIZON ALVES, VENHO POR ESTE CONVID\u00c1-LO PARA FAZER O CERIMONIAL DA PLEN\u00c1RIA MUNICIPAL DO PROGRAMA PARLAMENTO JOVEM DE LIMEIRA DO OESTE, QUE SER\u00c1 REALIZADO NO DIA 28 DE JUNHO DO CORRENTE ANO.","indexacao":"","observacao":"","resultado":"","texto_original":"http://sapl.limeiradooeste.mg.leg.br/media/sapl/public/materialegislativa/2017/1676/1676_texto_integral.pdf","data_ultima_atualizacao":"2018-10-19T10:57:18.989678-03:00","ip":"","ultima_edicao":null,"tipo":10,"regime_tramitacao":1,"tipo_origem_externa":null,"local_origem_externa":null,"user":null,"anexadas":[],"autores":[62]}